{"id":445,"date":"2014-12-18T16:48:50","date_gmt":"2014-12-18T15:48:50","guid":{"rendered":"https:\/\/www.sainte-therese-les-cordeliers.fr\/blog-cdi-lp\/?p=445"},"modified":"2014-12-19T16:13:22","modified_gmt":"2014-12-19T15:13:22","slug":"visite-pedagogique-pour-les-classes-de-2de-commerce-et-cap-vente","status":"publish","type":"post","link":"https:\/\/www.sainte-therese-les-cordeliers.fr\/blog-cdi-lp\/visite-pedagogique-pour-les-classes-de-2de-commerce-et-cap-vente\/","title":{"rendered":"Visite p\u00e9dagogique pour les classes de 2de Commerce et CAP Vente"},"content":{"rendered":"<p><span style=\"line-height: 107%;font-family: 'Arial','sans-serif';font-size: 12pt\"><span style=\"color: #000000\">Le march\u00e9 de No\u00ebl installe ses chalets tous les ans, place de la Victoire \u00e0 Clermont-Ferrand, et c&rsquo;est l&rsquo;occasion pour les classes de seconde commerce et CAP vente de d\u00e9couvrir l&rsquo;ambiance, les assortiments et animations ainsi que les services associ\u00e9s \u00e0 cet \u00e9v\u00e8nement. Cette visite est ensuite exploit\u00e9e en cours afin de revoir les notions \u00e9voqu\u00e9es sur le terrain, et observer l&rsquo;exploitation d&rsquo;une f\u00eate par les commer\u00e7ants.<\/span><\/span><\/p>\n<p>&nbsp;<\/p>\n<p style=\"text-align: center\"><a href=\"https:\/\/www.sainte-therese-les-cordeliers.fr\/blog-cdi-lp\/wp-content\/uploads\/sites\/3\/2014\/12\/Page0001.jpg\"><img decoding=\"async\" class=\"alignnone  wp-image-439\" src=\"https:\/\/www.sainte-therese-les-cordeliers.fr\/blog-cdi-lp\/wp-content\/uploads\/sites\/3\/2014\/12\/Page0001-300x210.jpg\" alt=\"Page0001\" width=\"164\" height=\"115\" srcset=\"https:\/\/www.sainte-therese-les-cordeliers.fr\/blog-cdi-lp\/wp-content\/uploads\/sites\/3\/2014\/12\/Page0001-300x210.jpg 300w, https:\/\/www.sainte-therese-les-cordeliers.fr\/blog-cdi-lp\/wp-content\/uploads\/sites\/3\/2014\/12\/Page0001-800x562.jpg 800w\" sizes=\"(max-width: 164px) 100vw, 164px\" \/><\/a><a href=\"https:\/\/www.sainte-therese-les-cordeliers.fr\/blog-cdi-lp\/wp-content\/uploads\/sites\/3\/2014\/12\/Page0003.jpg\"><img decoding=\"async\" class=\"alignnone  wp-image-441\" src=\"https:\/\/www.sainte-therese-les-cordeliers.fr\/blog-cdi-lp\/wp-content\/uploads\/sites\/3\/2014\/12\/Page0003-300x210.jpg\" alt=\"Page0003\" width=\"164\" height=\"115\" srcset=\"https:\/\/www.sainte-therese-les-cordeliers.fr\/blog-cdi-lp\/wp-content\/uploads\/sites\/3\/2014\/12\/Page0003-300x210.jpg 300w, https:\/\/www.sainte-therese-les-cordeliers.fr\/blog-cdi-lp\/wp-content\/uploads\/sites\/3\/2014\/12\/Page0003-800x562.jpg 800w\" sizes=\"(max-width: 164px) 100vw, 164px\" \/><\/a>\u00a0<a href=\"https:\/\/www.sainte-therese-les-cordeliers.fr\/blog-cdi-lp\/wp-content\/uploads\/sites\/3\/2014\/12\/Page0002.jpg\"><img decoding=\"async\" class=\"alignnone  wp-image-440\" src=\"https:\/\/www.sainte-therese-les-cordeliers.fr\/blog-cdi-lp\/wp-content\/uploads\/sites\/3\/2014\/12\/Page0002-300x210.jpg\" alt=\"Page0002\" width=\"165\" height=\"115\" srcset=\"https:\/\/www.sainte-therese-les-cordeliers.fr\/blog-cdi-lp\/wp-content\/uploads\/sites\/3\/2014\/12\/Page0002-300x210.jpg 300w, https:\/\/www.sainte-therese-les-cordeliers.fr\/blog-cdi-lp\/wp-content\/uploads\/sites\/3\/2014\/12\/Page0002-800x562.jpg 800w\" sizes=\"(max-width: 165px) 100vw, 165px\" \/><\/a><\/p>\n<p><span style=\"color: #333333;line-height: 107%;font-family: 'Arial','sans-serif';font-size: 12pt\">Cette sortie scolaire nous a \u00e9galement permis de visiter la Cath\u00e9drale, accompagn\u00e9s par des guides de l\u2019Office de tourisme. Nous sommes donc all\u00e9s \u00e0 la d\u00e9couverte de l\u2019architecture du monument, de sa lente et longue construction et de ses petits secrets\u2026 <\/span><\/p>\n<p style=\"text-align: center\"><a href=\"https:\/\/www.sainte-therese-les-cordeliers.fr\/blog-cdi-lp\/wp-content\/uploads\/sites\/3\/2014\/12\/images1.jpg\"><img decoding=\"async\" class=\"alignnone  wp-image-449\" src=\"https:\/\/www.sainte-therese-les-cordeliers.fr\/blog-cdi-lp\/wp-content\/uploads\/sites\/3\/2014\/12\/images1.jpg\" alt=\"images[1]\" width=\"101\" height=\"101\" srcset=\"https:\/\/www.sainte-therese-les-cordeliers.fr\/blog-cdi-lp\/wp-content\/uploads\/sites\/3\/2014\/12\/images1-150x150.jpg 150w, https:\/\/www.sainte-therese-les-cordeliers.fr\/blog-cdi-lp\/wp-content\/uploads\/sites\/3\/2014\/12\/images1.jpg 225w\" sizes=\"(max-width: 101px) 100vw, 101px\" \/><\/a>\u00a0\u00a0\u00a0\u00a0\u00a0\u00a0\u00a0\u00a0 <a href=\"https:\/\/www.sainte-therese-les-cordeliers.fr\/blog-cdi-lp\/wp-content\/uploads\/sites\/3\/2014\/12\/images4.jpg\"><img decoding=\"async\" class=\"alignnone  wp-image-450\" src=\"https:\/\/www.sainte-therese-les-cordeliers.fr\/blog-cdi-lp\/wp-content\/uploads\/sites\/3\/2014\/12\/images4-300x141.jpg\" alt=\"images[4]\" width=\"191\" height=\"90\" srcset=\"https:\/\/www.sainte-therese-les-cordeliers.fr\/blog-cdi-lp\/wp-content\/uploads\/sites\/3\/2014\/12\/images4-300x141.jpg 300w, https:\/\/www.sainte-therese-les-cordeliers.fr\/blog-cdi-lp\/wp-content\/uploads\/sites\/3\/2014\/12\/images4.jpg 327w\" sizes=\"(max-width: 191px) 100vw, 191px\" \/><\/a>\u00a0\u00a0\u00a0\u00a0\u00a0 <a href=\"https:\/\/www.sainte-therese-les-cordeliers.fr\/blog-cdi-lp\/wp-content\/uploads\/sites\/3\/2014\/12\/images1.jpg\"><img decoding=\"async\" class=\"alignnone  wp-image-449\" src=\"https:\/\/www.sainte-therese-les-cordeliers.fr\/blog-cdi-lp\/wp-content\/uploads\/sites\/3\/2014\/12\/images1.jpg\" alt=\"images[1]\" width=\"101\" height=\"101\" srcset=\"https:\/\/www.sainte-therese-les-cordeliers.fr\/blog-cdi-lp\/wp-content\/uploads\/sites\/3\/2014\/12\/images1-150x150.jpg 150w, https:\/\/www.sainte-therese-les-cordeliers.fr\/blog-cdi-lp\/wp-content\/uploads\/sites\/3\/2014\/12\/images1.jpg 225w\" sizes=\"(max-width: 101px) 100vw, 101px\" \/><\/a><\/p>\n<p style=\"text-align: left\">\n","protected":false},"excerpt":{"rendered":"<p>Le march\u00e9 de No\u00ebl installe ses chalets tous les ans, place de la Victoire \u00e0 Clermont-Ferrand, et c&rsquo;est l&rsquo;occasion pour les classes de seconde commerce et CAP vente de d\u00e9couvrir l&rsquo;ambiance, les assortiments et animations ainsi que les services associ\u00e9s \u00e0 cet \u00e9v\u00e8nement. Cette visite est ensuite exploit\u00e9e en cours afin de revoir les notions <a href=\"https:\/\/www.sainte-therese-les-cordeliers.fr\/blog-cdi-lp\/visite-pedagogique-pour-les-classes-de-2de-commerce-et-cap-vente\/\"> [&#8230;]<\/a><\/p>\n","protected":false},"author":3,"featured_media":0,"comment_status":"closed","ping_status":"closed","sticky":false,"template":"","format":"standard","meta":{"om_disable_all_campaigns":false,"footnotes":""},"categories":[5],"tags":[35,34],"class_list":["post-445","post","type-post","status-publish","format-standard","hentry","category-voyages","tag-bac-pro-commerce","tag-cap-vente"],"aioseo_notices":[],"_links":{"self":[{"href":"https:\/\/www.sainte-therese-les-cordeliers.fr\/blog-cdi-lp\/wp-json\/wp\/v2\/posts\/445","targetHints":{"allow":["GET"]}}],"collection":[{"href":"https:\/\/www.sainte-therese-les-cordeliers.fr\/blog-cdi-lp\/wp-json\/wp\/v2\/posts"}],"about":[{"href":"https:\/\/www.sainte-therese-les-cordeliers.fr\/blog-cdi-lp\/wp-json\/wp\/v2\/types\/post"}],"author":[{"embeddable":true,"href":"https:\/\/www.sainte-therese-les-cordeliers.fr\/blog-cdi-lp\/wp-json\/wp\/v2\/users\/3"}],"replies":[{"embeddable":true,"href":"https:\/\/www.sainte-therese-les-cordeliers.fr\/blog-cdi-lp\/wp-json\/wp\/v2\/comments?post=445"}],"version-history":[{"count":4,"href":"https:\/\/www.sainte-therese-les-cordeliers.fr\/blog-cdi-lp\/wp-json\/wp\/v2\/posts\/445\/revisions"}],"predecessor-version":[{"id":451,"href":"https:\/\/www.sainte-therese-les-cordeliers.fr\/blog-cdi-lp\/wp-json\/wp\/v2\/posts\/445\/revisions\/451"}],"wp:attachment":[{"href":"https:\/\/www.sainte-therese-les-cordeliers.fr\/blog-cdi-lp\/wp-json\/wp\/v2\/media?parent=445"}],"wp:term":[{"taxonomy":"category","embeddable":true,"href":"https:\/\/www.sainte-therese-les-cordeliers.fr\/blog-cdi-lp\/wp-json\/wp\/v2\/categories?post=445"},{"taxonomy":"post_tag","embeddable":true,"href":"https:\/\/www.sainte-therese-les-cordeliers.fr\/blog-cdi-lp\/wp-json\/wp\/v2\/tags?post=445"}],"curies":[{"name":"wp","href":"https:\/\/api.w.org\/{rel}","templated":true}]}}