{"id":4455,"date":"2024-12-06T11:31:12","date_gmt":"2024-12-06T10:31:12","guid":{"rendered":"https:\/\/www.sainte-therese-les-cordeliers.fr\/blog-cdi-lp\/?p=4455"},"modified":"2024-12-12T10:19:41","modified_gmt":"2024-12-12T09:19:41","slug":"le-mondial-des-metiers","status":"publish","type":"post","link":"https:\/\/www.sainte-therese-les-cordeliers.fr\/blog-cdi-lp\/le-mondial-des-metiers\/","title":{"rendered":"Le MONDIAL DES M\u00c9TIERS"},"content":{"rendered":"<div class=\"fusion-fullwidth fullwidth-box fusion-builder-row-1 fusion-flex-container has-pattern-background has-mask-background nonhundred-percent-fullwidth non-hundred-percent-height-scrolling\" style=\"--awb-border-radius-top-left:0px;--awb-border-radius-top-right:0px;--awb-border-radius-bottom-right:0px;--awb-border-radius-bottom-left:0px;--awb-flex-wrap:wrap;\" ><div class=\"fusion-builder-row fusion-row fusion-flex-align-items-flex-start fusion-flex-content-wrap\" style=\"max-width:1144px;margin-left: calc(-4% \/ 2 );margin-right: calc(-4% \/ 2 );\"><div class=\"fusion-layout-column fusion_builder_column fusion-builder-column-0 fusion_builder_column_1_1 1_1 fusion-flex-column\" style=\"--awb-bg-size:cover;--awb-width-large:100%;--awb-margin-top-large:0px;--awb-spacing-right-large:1.92%;--awb-margin-bottom-large:20px;--awb-spacing-left-large:1.92%;--awb-width-medium:100%;--awb-order-medium:0;--awb-spacing-right-medium:1.92%;--awb-spacing-left-medium:1.92%;--awb-width-small:100%;--awb-order-small:0;--awb-spacing-right-small:1.92%;--awb-spacing-left-small:1.92%;\"><div class=\"fusion-column-wrapper fusion-column-has-shadow fusion-flex-justify-content-flex-start fusion-content-layout-column\"><div class=\"awb-gallery-wrapper awb-gallery-wrapper-1 button-span-no\" style=\"--more-btn-alignment:center;\"><div style=\"margin:-5px;--awb-bordersize:0px;\" class=\"fusion-gallery fusion-gallery-container fusion-grid-5 fusion-columns-total-5 fusion-gallery-layout-grid fusion-gallery-1\"><div style=\"padding:5px;\" class=\"fusion-grid-column fusion-gallery-column fusion-gallery-column-5 hover-type-zoomin\"><div class=\"fusion-gallery-image\"><a href=\"https:\/\/www.sainte-therese-les-cordeliers.fr\/blog-cdi-lp\/wp-content\/uploads\/sites\/3\/2024\/12\/Mondial-des-metiers.jpg\" rel=\"noreferrer\" data-rel=\"iLightbox[gallery_image_1]\" class=\"fusion-lightbox\" target=\"_self\"><img decoding=\"async\" src=\"https:\/\/www.sainte-therese-les-cordeliers.fr\/blog-cdi-lp\/wp-content\/uploads\/sites\/3\/2024\/12\/Mondial-des-metiers-320x202.jpg\" width=\"320\" height=\"202\" alt=\"\" title=\"Mondial des m\u00e9tiers\" aria-label=\"Mondial des m\u00e9tiers\" class=\"img-responsive wp-image-4464 fusion-gallery-image-size-fixed\"  \/><\/a><\/div><\/div><div style=\"padding:5px;\" class=\"fusion-grid-column fusion-gallery-column fusion-gallery-column-5 hover-type-zoomin\"><div class=\"fusion-gallery-image\"><a href=\"https:\/\/www.sainte-therese-les-cordeliers.fr\/blog-cdi-lp\/wp-content\/uploads\/sites\/3\/2024\/12\/1-1.jpg\" rel=\"noreferrer\" data-rel=\"iLightbox[gallery_image_1]\" class=\"fusion-lightbox\" target=\"_self\"><img decoding=\"async\" src=\"https:\/\/www.sainte-therese-les-cordeliers.fr\/blog-cdi-lp\/wp-content\/uploads\/sites\/3\/2024\/12\/1-1-320x202.jpg\" width=\"320\" height=\"202\" alt=\"\" title=\"1\" aria-label=\"1\" class=\"img-responsive wp-image-4456 fusion-gallery-image-size-fixed\" srcset=\"https:\/\/www.sainte-therese-les-cordeliers.fr\/blog-cdi-lp\/wp-content\/uploads\/sites\/3\/2024\/12\/1-1-320x202.jpg 320w, https:\/\/www.sainte-therese-les-cordeliers.fr\/blog-cdi-lp\/wp-content\/uploads\/sites\/3\/2024\/12\/1-1-700x441.jpg 700w\" sizes=\"(max-width: 320px) 100vw, 320px\" \/><\/a><\/div><\/div><div style=\"padding:5px;\" class=\"fusion-grid-column fusion-gallery-column fusion-gallery-column-5 hover-type-zoomin\"><div class=\"fusion-gallery-image\"><a href=\"https:\/\/www.sainte-therese-les-cordeliers.fr\/blog-cdi-lp\/wp-content\/uploads\/sites\/3\/2024\/12\/Mondial.png\" rel=\"noreferrer\" data-rel=\"iLightbox[gallery_image_1]\" class=\"fusion-lightbox\" target=\"_self\"><img decoding=\"async\" src=\"https:\/\/www.sainte-therese-les-cordeliers.fr\/blog-cdi-lp\/wp-content\/uploads\/sites\/3\/2024\/12\/Mondial-320x202.png\" width=\"320\" height=\"202\" alt=\"\" title=\"Mondial\" aria-label=\"Mondial\" class=\"img-responsive wp-image-4459 fusion-gallery-image-size-fixed\" srcset=\"https:\/\/www.sainte-therese-les-cordeliers.fr\/blog-cdi-lp\/wp-content\/uploads\/sites\/3\/2024\/12\/Mondial-320x202.png 320w, https:\/\/www.sainte-therese-les-cordeliers.fr\/blog-cdi-lp\/wp-content\/uploads\/sites\/3\/2024\/12\/Mondial-700x441.png 700w\" sizes=\"(max-width: 320px) 100vw, 320px\" \/><\/a><\/div><\/div><div style=\"padding:5px;\" class=\"fusion-grid-column fusion-gallery-column fusion-gallery-column-5 hover-type-zoomin\"><div class=\"fusion-gallery-image\"><a href=\"https:\/\/www.sainte-therese-les-cordeliers.fr\/blog-cdi-lp\/wp-content\/uploads\/sites\/3\/2024\/12\/2-1.jpg\" rel=\"noreferrer\" data-rel=\"iLightbox[gallery_image_1]\" class=\"fusion-lightbox\" target=\"_self\"><img decoding=\"async\" src=\"https:\/\/www.sainte-therese-les-cordeliers.fr\/blog-cdi-lp\/wp-content\/uploads\/sites\/3\/2024\/12\/2-1-320x202.jpg\" width=\"320\" height=\"202\" alt=\"\" title=\"2\" aria-label=\"2\" class=\"img-responsive wp-image-4457 fusion-gallery-image-size-fixed\" srcset=\"https:\/\/www.sainte-therese-les-cordeliers.fr\/blog-cdi-lp\/wp-content\/uploads\/sites\/3\/2024\/12\/2-1-320x202.jpg 320w, https:\/\/www.sainte-therese-les-cordeliers.fr\/blog-cdi-lp\/wp-content\/uploads\/sites\/3\/2024\/12\/2-1-700x441.jpg 700w\" sizes=\"(max-width: 320px) 100vw, 320px\" \/><\/a><\/div><\/div><div style=\"padding:5px;\" class=\"fusion-grid-column fusion-gallery-column fusion-gallery-column-5 hover-type-zoomin\"><div class=\"fusion-gallery-image\"><a href=\"https:\/\/www.sainte-therese-les-cordeliers.fr\/blog-cdi-lp\/wp-content\/uploads\/sites\/3\/2024\/12\/Chiffres.png\" rel=\"noreferrer\" data-rel=\"iLightbox[gallery_image_1]\" class=\"fusion-lightbox\" target=\"_self\"><img decoding=\"async\" src=\"https:\/\/www.sainte-therese-les-cordeliers.fr\/blog-cdi-lp\/wp-content\/uploads\/sites\/3\/2024\/12\/Chiffres-320x202.png\" width=\"320\" height=\"202\" alt=\"\" title=\"Chiffres\" aria-label=\"Chiffres\" class=\"img-responsive wp-image-4458 fusion-gallery-image-size-fixed\" srcset=\"https:\/\/www.sainte-therese-les-cordeliers.fr\/blog-cdi-lp\/wp-content\/uploads\/sites\/3\/2024\/12\/Chiffres-320x202.png 320w, https:\/\/www.sainte-therese-les-cordeliers.fr\/blog-cdi-lp\/wp-content\/uploads\/sites\/3\/2024\/12\/Chiffres-700x441.png 700w\" sizes=\"(max-width: 320px) 100vw, 320px\" \/><\/a><\/div><\/div><div class=\"clearfix\"><\/div><\/div><\/div><div class=\"fusion-text fusion-text-1\"><p><em>Le salon pour s&rsquo;informer sur les m\u00e9tiers et construire son projet professionnel !<\/em><\/p>\n<p>Jeudi 5 d\u00e9cembre, les classes de 3\u00e8me, 3\u00e8me Pr\u00e9pa M\u00e9tiers, 1\u00e8re ann\u00e9e de CAP ainsi que les terminales MCV et MA se sont rendues \u00e0 Lyon visiter le \u00ab\u00a0mondial des m\u00e9tiers\u00a0\u00bb organis\u00e9 par la R\u00e9gion Auvergne-Rh\u00f4ne-Alpes. Cet \u00e9v\u00e8nement est l&rsquo;occasion unique d&rsquo;interroger des professionnels et des jeunes en formation, d&rsquo;assister et de participer \u00e0 des d\u00e9monstrations et de mieux conna\u00eetre les m\u00e9tiers et le monde du travail.<\/p>\n<\/div><\/div><\/div><\/div><\/div>\n","protected":false},"excerpt":{"rendered":"","protected":false},"author":3,"featured_media":0,"comment_status":"closed","ping_status":"closed","sticky":false,"template":"","format":"standard","meta":{"om_disable_all_campaigns":false,"footnotes":""},"categories":[64],"tags":[],"class_list":["post-4455","post","type-post","status-publish","format-standard","hentry","category-orientation"],"aioseo_notices":[],"_links":{"self":[{"href":"https:\/\/www.sainte-therese-les-cordeliers.fr\/blog-cdi-lp\/wp-json\/wp\/v2\/posts\/4455","targetHints":{"allow":["GET"]}}],"collection":[{"href":"https:\/\/www.sainte-therese-les-cordeliers.fr\/blog-cdi-lp\/wp-json\/wp\/v2\/posts"}],"about":[{"href":"https:\/\/www.sainte-therese-les-cordeliers.fr\/blog-cdi-lp\/wp-json\/wp\/v2\/types\/post"}],"author":[{"embeddable":true,"href":"https:\/\/www.sainte-therese-les-cordeliers.fr\/blog-cdi-lp\/wp-json\/wp\/v2\/users\/3"}],"replies":[{"embeddable":true,"href":"https:\/\/www.sainte-therese-les-cordeliers.fr\/blog-cdi-lp\/wp-json\/wp\/v2\/comments?post=4455"}],"version-history":[{"count":6,"href":"https:\/\/www.sainte-therese-les-cordeliers.fr\/blog-cdi-lp\/wp-json\/wp\/v2\/posts\/4455\/revisions"}],"predecessor-version":[{"id":4466,"href":"https:\/\/www.sainte-therese-les-cordeliers.fr\/blog-cdi-lp\/wp-json\/wp\/v2\/posts\/4455\/revisions\/4466"}],"wp:attachment":[{"href":"https:\/\/www.sainte-therese-les-cordeliers.fr\/blog-cdi-lp\/wp-json\/wp\/v2\/media?parent=4455"}],"wp:term":[{"taxonomy":"category","embeddable":true,"href":"https:\/\/www.sainte-therese-les-cordeliers.fr\/blog-cdi-lp\/wp-json\/wp\/v2\/categories?post=4455"},{"taxonomy":"post_tag","embeddable":true,"href":"https:\/\/www.sainte-therese-les-cordeliers.fr\/blog-cdi-lp\/wp-json\/wp\/v2\/tags?post=4455"}],"curies":[{"name":"wp","href":"https:\/\/api.w.org\/{rel}","templated":true}]}}