{"id":4798,"date":"2025-11-28T14:25:40","date_gmt":"2025-11-28T13:25:40","guid":{"rendered":"https:\/\/www.sainte-therese-les-cordeliers.fr\/blog-cdi-lp\/?p=4798"},"modified":"2025-12-02T14:21:35","modified_gmt":"2025-12-02T13:21:35","slug":"developper-ses-connaissances-artistiques","status":"publish","type":"post","link":"https:\/\/www.sainte-therese-les-cordeliers.fr\/blog-cdi-lp\/developper-ses-connaissances-artistiques\/","title":{"rendered":"D\u00e9velopper ses connaissances artistiques"},"content":{"rendered":"<div class=\"fusion-fullwidth fullwidth-box fusion-builder-row-1 fusion-flex-container has-pattern-background has-mask-background nonhundred-percent-fullwidth non-hundred-percent-height-scrolling\" style=\"--awb-border-radius-top-left:0px;--awb-border-radius-top-right:0px;--awb-border-radius-bottom-right:0px;--awb-border-radius-bottom-left:0px;--awb-flex-wrap:wrap;\" ><div class=\"fusion-builder-row fusion-row fusion-flex-align-items-flex-start fusion-flex-content-wrap\" style=\"max-width:1144px;margin-left: calc(-4% \/ 2 );margin-right: calc(-4% \/ 2 );\"><div class=\"fusion-layout-column fusion_builder_column fusion-builder-column-0 fusion_builder_column_1_1 1_1 fusion-flex-column\" style=\"--awb-bg-size:cover;--awb-width-large:100%;--awb-margin-top-large:0px;--awb-spacing-right-large:1.92%;--awb-margin-bottom-large:20px;--awb-spacing-left-large:1.92%;--awb-width-medium:100%;--awb-order-medium:0;--awb-spacing-right-medium:1.92%;--awb-spacing-left-medium:1.92%;--awb-width-small:100%;--awb-order-small:0;--awb-spacing-right-small:1.92%;--awb-spacing-left-small:1.92%;\"><div class=\"fusion-column-wrapper fusion-column-has-shadow fusion-flex-justify-content-flex-start fusion-content-layout-column\"><div class=\"awb-gallery-wrapper awb-gallery-wrapper-1 button-span-no\" style=\"--more-btn-alignment:center;\"><div style=\"margin:-5px;--awb-bordersize:0px;\" class=\"fusion-gallery fusion-gallery-container fusion-grid-2 fusion-columns-total-2 fusion-gallery-layout-grid fusion-gallery-1\"><div style=\"padding:5px;\" class=\"fusion-grid-column fusion-gallery-column fusion-gallery-column-2 hover-type-zoomin\"><div class=\"fusion-gallery-image\"><a href=\"https:\/\/www.sainte-therese-les-cordeliers.fr\/blog-cdi-lp\/wp-content\/uploads\/sites\/3\/2025\/11\/Grid-Collage-Photos-Vacation-Modern-Minimalist-Instagram-Post.jpg\" rel=\"noreferrer\" data-rel=\"iLightbox[gallery_image_1]\" class=\"fusion-lightbox\" target=\"_self\"><img decoding=\"async\" src=\"https:\/\/www.sainte-therese-les-cordeliers.fr\/blog-cdi-lp\/wp-content\/uploads\/sites\/3\/2025\/11\/Grid-Collage-Photos-Vacation-Modern-Minimalist-Instagram-Post-460x295.jpg\" width=\"460\" height=\"295\" alt=\"\" title=\"Grid Collage Photos Vacation Modern Minimalist Instagram Post\" aria-label=\"Grid Collage Photos Vacation Modern Minimalist Instagram Post\" class=\"img-responsive wp-image-4801 fusion-gallery-image-size-fixed\"  \/><\/a><\/div><\/div><div style=\"padding:5px;\" class=\"fusion-grid-column fusion-gallery-column fusion-gallery-column-2 hover-type-zoomin\"><div class=\"fusion-gallery-image\"><a href=\"https:\/\/www.sainte-therese-les-cordeliers.fr\/blog-cdi-lp\/wp-content\/uploads\/sites\/3\/2025\/11\/Blue-and-Red-Comic-Anime-Birthday-Invitation-Your-Story1.jpg\" rel=\"noreferrer\" data-rel=\"iLightbox[gallery_image_1]\" class=\"fusion-lightbox\" target=\"_self\"><img decoding=\"async\" src=\"https:\/\/www.sainte-therese-les-cordeliers.fr\/blog-cdi-lp\/wp-content\/uploads\/sites\/3\/2025\/11\/Blue-and-Red-Comic-Anime-Birthday-Invitation-Your-Story1-460x295.jpg\" width=\"460\" height=\"295\" alt=\"\" title=\"Blue and Red Comic Anime Birthday Invitation Your Story(1)\" aria-label=\"Blue and Red Comic Anime Birthday Invitation Your Story(1)\" class=\"img-responsive wp-image-4813 fusion-gallery-image-size-fixed\"  \/><\/a><\/div><\/div><div class=\"clearfix\"><\/div><\/div><\/div><div class=\"fusion-text fusion-text-1\"><p>Jeudi 27 novembre, dans le cadre de l&rsquo;EAC (Education Artistique te Culturelle), les \u00e9l\u00e8ves des classes de CAP EPC et AAGA se sont rendus \u00e0 deux pas du lyc\u00e9e visiter le Mus\u00e9e d&rsquo;Art Roger Quilliot (Le MARQ). Le fait de rencontrer des \u0153uvres, des lieux de culture, doit permettre \u00e0 chaque \u00e9l\u00e8ve de d\u00e9velopper sa sensibilit\u00e9, son esprit critique mais aussi sa cr\u00e9ativit\u00e9.<\/p>\n<p>Abrit\u00e9 dans un b\u00e2timent du XVIIe si\u00e8cle, et renfermant plus de 22000 \u0153uvres, ce mus\u00e9e permet de d\u00e9couvrir des peintures, des arts d\u00e9coratifs et des sculptures datant de l&rsquo;\u00e9poque m\u00e9di\u00e9vale au XXe si\u00e8cle. A l&rsquo;aide d&rsquo;un questionnaire, nos artistes en herbe ont pu donner leurs impressions sur de nombreux tableaux de grande qualit\u00e9 telles que \u00ab\u00a0La D\u00e9fense des Gaules\u00a0\u00bb de Th\u00e9odore Chass\u00e9riau, ainsi que des \u0153uvres authentiques comme la toile \u00ab\u00a0Les Saltimbanques\u00a0\u00bb de Gustave Dor\u00e9, \u00ab\u00a0une porte du Louvre, le matin de la Saint-Barth\u00e9lemy\u00a0\u00bb d&rsquo;Edouard Debat-Ponsan, entre autres.<\/p>\n<\/div><\/div><\/div><\/div><\/div>\n","protected":false},"excerpt":{"rendered":"","protected":false},"author":3,"featured_media":0,"comment_status":"closed","ping_status":"closed","sticky":false,"template":"","format":"standard","meta":{"om_disable_all_campaigns":false,"footnotes":""},"categories":[32,65],"tags":[],"class_list":["post-4798","post","type-post","status-publish","format-standard","hentry","category-art","category-cap"],"aioseo_notices":[],"_links":{"self":[{"href":"https:\/\/www.sainte-therese-les-cordeliers.fr\/blog-cdi-lp\/wp-json\/wp\/v2\/posts\/4798","targetHints":{"allow":["GET"]}}],"collection":[{"href":"https:\/\/www.sainte-therese-les-cordeliers.fr\/blog-cdi-lp\/wp-json\/wp\/v2\/posts"}],"about":[{"href":"https:\/\/www.sainte-therese-les-cordeliers.fr\/blog-cdi-lp\/wp-json\/wp\/v2\/types\/post"}],"author":[{"embeddable":true,"href":"https:\/\/www.sainte-therese-les-cordeliers.fr\/blog-cdi-lp\/wp-json\/wp\/v2\/users\/3"}],"replies":[{"embeddable":true,"href":"https:\/\/www.sainte-therese-les-cordeliers.fr\/blog-cdi-lp\/wp-json\/wp\/v2\/comments?post=4798"}],"version-history":[{"count":12,"href":"https:\/\/www.sainte-therese-les-cordeliers.fr\/blog-cdi-lp\/wp-json\/wp\/v2\/posts\/4798\/revisions"}],"predecessor-version":[{"id":4815,"href":"https:\/\/www.sainte-therese-les-cordeliers.fr\/blog-cdi-lp\/wp-json\/wp\/v2\/posts\/4798\/revisions\/4815"}],"wp:attachment":[{"href":"https:\/\/www.sainte-therese-les-cordeliers.fr\/blog-cdi-lp\/wp-json\/wp\/v2\/media?parent=4798"}],"wp:term":[{"taxonomy":"category","embeddable":true,"href":"https:\/\/www.sainte-therese-les-cordeliers.fr\/blog-cdi-lp\/wp-json\/wp\/v2\/categories?post=4798"},{"taxonomy":"post_tag","embeddable":true,"href":"https:\/\/www.sainte-therese-les-cordeliers.fr\/blog-cdi-lp\/wp-json\/wp\/v2\/tags?post=4798"}],"curies":[{"name":"wp","href":"https:\/\/api.w.org\/{rel}","templated":true}]}}