{"id":4950,"date":"2025-11-20T15:44:11","date_gmt":"2025-11-20T14:44:11","guid":{"rendered":"https:\/\/www.sainte-therese-les-cordeliers.fr\/blog-cdi-lp\/?p=4950"},"modified":"2026-03-13T16:06:25","modified_gmt":"2026-03-13T15:06:25","slug":"echanges-autour-dun-projet-culinaire","status":"publish","type":"post","link":"https:\/\/www.sainte-therese-les-cordeliers.fr\/blog-cdi-lp\/echanges-autour-dun-projet-culinaire\/","title":{"rendered":"\u00c9changes autour d\u2019un projet culinaire"},"content":{"rendered":"<div class=\"fusion-fullwidth fullwidth-box fusion-builder-row-1 fusion-flex-container has-pattern-background has-mask-background nonhundred-percent-fullwidth non-hundred-percent-height-scrolling\" style=\"--awb-border-radius-top-left:0px;--awb-border-radius-top-right:0px;--awb-border-radius-bottom-right:0px;--awb-border-radius-bottom-left:0px;--awb-flex-wrap:wrap;\" ><div class=\"fusion-builder-row fusion-row fusion-flex-align-items-flex-start fusion-flex-content-wrap\" style=\"max-width:1144px;margin-left: calc(-4% \/ 2 );margin-right: calc(-4% \/ 2 );\"><div class=\"fusion-layout-column fusion_builder_column fusion-builder-column-0 fusion_builder_column_1_1 1_1 fusion-flex-column\" style=\"--awb-bg-size:cover;--awb-width-large:100%;--awb-margin-top-large:0px;--awb-spacing-right-large:1.92%;--awb-margin-bottom-large:20px;--awb-spacing-left-large:1.92%;--awb-width-medium:100%;--awb-order-medium:0;--awb-spacing-right-medium:1.92%;--awb-spacing-left-medium:1.92%;--awb-width-small:100%;--awb-order-small:0;--awb-spacing-right-small:1.92%;--awb-spacing-left-small:1.92%;\"><div class=\"fusion-column-wrapper fusion-column-has-shadow fusion-flex-justify-content-flex-start fusion-content-layout-column\"><div class=\"awb-gallery-wrapper awb-gallery-wrapper-1 button-span-no\" style=\"--more-btn-alignment:center;\"><div style=\"margin:-5px;--awb-bordersize:0px;\" class=\"fusion-gallery fusion-gallery-container fusion-grid-5 fusion-columns-total-5 fusion-gallery-layout-grid fusion-gallery-1\"><div style=\"padding:5px;\" class=\"fusion-grid-column fusion-gallery-column fusion-gallery-column-5 hover-type-zoomout\"><div class=\"fusion-gallery-image\"><a href=\"https:\/\/www.sainte-therese-les-cordeliers.fr\/blog-cdi-lp\/wp-content\/uploads\/sites\/3\/2025\/11\/CAP-CSAD-Gravouses-20260312-14.jpg\" rel=\"noreferrer\" data-rel=\"iLightbox[gallery_image_1]\" class=\"fusion-lightbox\" target=\"_self\"><img decoding=\"async\" src=\"https:\/\/www.sainte-therese-les-cordeliers.fr\/blog-cdi-lp\/wp-content\/uploads\/sites\/3\/2025\/11\/CAP-CSAD-Gravouses-20260312-14-320x202.jpg\" width=\"320\" height=\"202\" alt=\"\" title=\"CAP + CSAD +Gravouses 20260312 (14)\" aria-label=\"CAP + CSAD +Gravouses 20260312 (14)\" class=\"img-responsive wp-image-4947 fusion-gallery-image-size-fixed\" srcset=\"https:\/\/www.sainte-therese-les-cordeliers.fr\/blog-cdi-lp\/wp-content\/uploads\/sites\/3\/2025\/11\/CAP-CSAD-Gravouses-20260312-14-320x202.jpg 320w, https:\/\/www.sainte-therese-les-cordeliers.fr\/blog-cdi-lp\/wp-content\/uploads\/sites\/3\/2025\/11\/CAP-CSAD-Gravouses-20260312-14-700x441.jpg 700w\" sizes=\"(max-width: 320px) 100vw, 320px\" \/><\/a><\/div><\/div><div style=\"padding:5px;\" class=\"fusion-grid-column fusion-gallery-column fusion-gallery-column-5 hover-type-zoomout\"><div class=\"fusion-gallery-image\"><a href=\"https:\/\/www.sainte-therese-les-cordeliers.fr\/blog-cdi-lp\/wp-content\/uploads\/sites\/3\/2025\/11\/CAP-CSAD-Gravouses-20260312-13.jpg\" rel=\"noreferrer\" data-rel=\"iLightbox[gallery_image_1]\" class=\"fusion-lightbox\" target=\"_self\"><img decoding=\"async\" src=\"https:\/\/www.sainte-therese-les-cordeliers.fr\/blog-cdi-lp\/wp-content\/uploads\/sites\/3\/2025\/11\/CAP-CSAD-Gravouses-20260312-13-320x202.jpg\" width=\"320\" height=\"202\" alt=\"\" title=\"CAP + CSAD +Gravouses 20260312 (13)\" aria-label=\"CAP + CSAD +Gravouses 20260312 (13)\" class=\"img-responsive wp-image-4946 fusion-gallery-image-size-fixed\" srcset=\"https:\/\/www.sainte-therese-les-cordeliers.fr\/blog-cdi-lp\/wp-content\/uploads\/sites\/3\/2025\/11\/CAP-CSAD-Gravouses-20260312-13-320x202.jpg 320w, https:\/\/www.sainte-therese-les-cordeliers.fr\/blog-cdi-lp\/wp-content\/uploads\/sites\/3\/2025\/11\/CAP-CSAD-Gravouses-20260312-13-700x441.jpg 700w\" sizes=\"(max-width: 320px) 100vw, 320px\" \/><\/a><\/div><\/div><div style=\"padding:5px;\" class=\"fusion-grid-column fusion-gallery-column fusion-gallery-column-5 hover-type-zoomout\"><div class=\"fusion-gallery-image\"><a href=\"https:\/\/www.sainte-therese-les-cordeliers.fr\/blog-cdi-lp\/wp-content\/uploads\/sites\/3\/2025\/11\/CAP-CSAD-Gravouses-20260312-9.jpg\" rel=\"noreferrer\" data-rel=\"iLightbox[gallery_image_1]\" class=\"fusion-lightbox\" target=\"_self\"><img decoding=\"async\" src=\"https:\/\/www.sainte-therese-les-cordeliers.fr\/blog-cdi-lp\/wp-content\/uploads\/sites\/3\/2025\/11\/CAP-CSAD-Gravouses-20260312-9-320x202.jpg\" width=\"320\" height=\"202\" alt=\"\" title=\"CAP + CSAD +Gravouses 20260312 (9)\" aria-label=\"CAP + CSAD +Gravouses 20260312 (9)\" class=\"img-responsive wp-image-4945 fusion-gallery-image-size-fixed\" srcset=\"https:\/\/www.sainte-therese-les-cordeliers.fr\/blog-cdi-lp\/wp-content\/uploads\/sites\/3\/2025\/11\/CAP-CSAD-Gravouses-20260312-9-320x202.jpg 320w, https:\/\/www.sainte-therese-les-cordeliers.fr\/blog-cdi-lp\/wp-content\/uploads\/sites\/3\/2025\/11\/CAP-CSAD-Gravouses-20260312-9-700x441.jpg 700w\" sizes=\"(max-width: 320px) 100vw, 320px\" \/><\/a><\/div><\/div><div style=\"padding:5px;\" class=\"fusion-grid-column fusion-gallery-column fusion-gallery-column-5 hover-type-zoomout\"><div class=\"fusion-gallery-image\"><a href=\"https:\/\/www.sainte-therese-les-cordeliers.fr\/blog-cdi-lp\/wp-content\/uploads\/sites\/3\/2025\/11\/CAP-CSAD-Gravouses-20260312-7.jpg\" rel=\"noreferrer\" data-rel=\"iLightbox[gallery_image_1]\" class=\"fusion-lightbox\" target=\"_self\"><img decoding=\"async\" src=\"https:\/\/www.sainte-therese-les-cordeliers.fr\/blog-cdi-lp\/wp-content\/uploads\/sites\/3\/2025\/11\/CAP-CSAD-Gravouses-20260312-7-320x202.jpg\" width=\"320\" height=\"202\" alt=\"\" title=\"CAP + CSAD +Gravouses 20260312 (7)\" aria-label=\"CAP + CSAD +Gravouses 20260312 (7)\" class=\"img-responsive wp-image-4944 fusion-gallery-image-size-fixed\" srcset=\"https:\/\/www.sainte-therese-les-cordeliers.fr\/blog-cdi-lp\/wp-content\/uploads\/sites\/3\/2025\/11\/CAP-CSAD-Gravouses-20260312-7-320x202.jpg 320w, https:\/\/www.sainte-therese-les-cordeliers.fr\/blog-cdi-lp\/wp-content\/uploads\/sites\/3\/2025\/11\/CAP-CSAD-Gravouses-20260312-7-700x441.jpg 700w\" sizes=\"(max-width: 320px) 100vw, 320px\" \/><\/a><\/div><\/div><div style=\"padding:5px;\" class=\"fusion-grid-column fusion-gallery-column fusion-gallery-column-5 hover-type-zoomout\"><div class=\"fusion-gallery-image\"><a href=\"https:\/\/www.sainte-therese-les-cordeliers.fr\/blog-cdi-lp\/wp-content\/uploads\/sites\/3\/2025\/11\/Carte-postale-collage-photos-de-souvenirs-de-vacances-Simple-Photographie-Bleu-eu-Blanc2-800x567-2.jpg\" rel=\"noreferrer\" data-rel=\"iLightbox[gallery_image_1]\" class=\"fusion-lightbox\" target=\"_self\"><img decoding=\"async\" src=\"https:\/\/www.sainte-therese-les-cordeliers.fr\/blog-cdi-lp\/wp-content\/uploads\/sites\/3\/2025\/11\/Carte-postale-collage-photos-de-souvenirs-de-vacances-Simple-Photographie-Bleu-eu-Blanc2-800x567-2-320x202.jpg\" width=\"320\" height=\"202\" alt=\"\" title=\"Carte-postale-collage-photos-de-souvenirs-de-vacances-Simple-Photographie-Bleu-eu-Blanc2-800&#215;567\" aria-label=\"Carte-postale-collage-photos-de-souvenirs-de-vacances-Simple-Photographie-Bleu-eu-Blanc2-800&#215;567\" class=\"img-responsive wp-image-4948 fusion-gallery-image-size-fixed\" srcset=\"https:\/\/www.sainte-therese-les-cordeliers.fr\/blog-cdi-lp\/wp-content\/uploads\/sites\/3\/2025\/11\/Carte-postale-collage-photos-de-souvenirs-de-vacances-Simple-Photographie-Bleu-eu-Blanc2-800x567-2-320x202.jpg 320w, https:\/\/www.sainte-therese-les-cordeliers.fr\/blog-cdi-lp\/wp-content\/uploads\/sites\/3\/2025\/11\/Carte-postale-collage-photos-de-souvenirs-de-vacances-Simple-Photographie-Bleu-eu-Blanc2-800x567-2-700x441.jpg 700w\" sizes=\"(max-width: 320px) 100vw, 320px\" \/><\/a><\/div><\/div><div class=\"clearfix\"><\/div><\/div><\/div><div class=\"fusion-text fusion-text-1\"><p>Ce mardi 18 novembre, les \u00e9l\u00e8ves de la classe de CSAD (Certificat de Sp\u00e9cialisation Aide \u00e0 Domicile) ainsi que ceux de deuxi\u00e8me ann\u00e9e CAP AAGA (Agent Accompagnement au Grand \u00c2ge) ont eu le plaisir de pr\u00e9parer un repas en collaboration avec les jeunes de l\u2019\u00e9tablissement des Gravouzes de Clermont-Ferrand, un \u00e9tablissement accueillant des jeunes malentendants. R\u00e9unis autour d\u2019un projet culinaire plac\u00e9 sous le signe du partage, ils ont cuisin\u00e9 ensemble puis ont d\u00e9gust\u00e9 le repas r\u00e9alis\u00e9.<br \/>\nEncadr\u00e9s par leur \u00e9ducateur Maurice Babou et par les enseignantes Mme Clavelier et Mme Grenouilloux, les participants ont \u00e9labor\u00e9 un menu compos\u00e9 de produits de saison. Ils ont d\u00e9but\u00e9 par un consomm\u00e9 de brocolis au lait de coco, puis ont poursuivi avec une jardini\u00e8re de l\u00e9gumes accompagn\u00e9e de saut\u00e9s de volaille. Pour terminer sur une note sucr\u00e9e, ils ont savour\u00e9 un crumble de pommes pr\u00e9par\u00e9 par leurs soins.<br \/>\nCe temps de travaux pratiques fut l\u2019occasion pour chacun de d\u00e9velopper ses comp\u00e9tences culinaires, mais aussi de vivre un moment riche d\u2019\u00e9changes, d\u2019entraide et de convivialit\u00e9. Le partenariat entre la classe et l\u2019\u00e9tablissement des Gravouzes existe depuis plusieurs ann\u00e9es et demeure un rendez-vous tr\u00e8s appr\u00e9ci\u00e9. Chaque rencontre renforce les liens entre les jeunes et favorise une dynamique de coop\u00e9ration toujours empreinte de motivation et de plaisir partag\u00e9.<\/p>\n<\/div><\/div><\/div><\/div><\/div>\n","protected":false},"excerpt":{"rendered":"","protected":false},"author":3,"featured_media":0,"comment_status":"closed","ping_status":"closed","sticky":false,"template":"","format":"standard","meta":{"om_disable_all_campaigns":false,"footnotes":""},"categories":[1],"tags":[],"class_list":["post-4950","post","type-post","status-publish","format-standard","hentry","category-non-classe"],"aioseo_notices":[],"_links":{"self":[{"href":"https:\/\/www.sainte-therese-les-cordeliers.fr\/blog-cdi-lp\/wp-json\/wp\/v2\/posts\/4950","targetHints":{"allow":["GET"]}}],"collection":[{"href":"https:\/\/www.sainte-therese-les-cordeliers.fr\/blog-cdi-lp\/wp-json\/wp\/v2\/posts"}],"about":[{"href":"https:\/\/www.sainte-therese-les-cordeliers.fr\/blog-cdi-lp\/wp-json\/wp\/v2\/types\/post"}],"author":[{"embeddable":true,"href":"https:\/\/www.sainte-therese-les-cordeliers.fr\/blog-cdi-lp\/wp-json\/wp\/v2\/users\/3"}],"replies":[{"embeddable":true,"href":"https:\/\/www.sainte-therese-les-cordeliers.fr\/blog-cdi-lp\/wp-json\/wp\/v2\/comments?post=4950"}],"version-history":[{"count":3,"href":"https:\/\/www.sainte-therese-les-cordeliers.fr\/blog-cdi-lp\/wp-json\/wp\/v2\/posts\/4950\/revisions"}],"predecessor-version":[{"id":4953,"href":"https:\/\/www.sainte-therese-les-cordeliers.fr\/blog-cdi-lp\/wp-json\/wp\/v2\/posts\/4950\/revisions\/4953"}],"wp:attachment":[{"href":"https:\/\/www.sainte-therese-les-cordeliers.fr\/blog-cdi-lp\/wp-json\/wp\/v2\/media?parent=4950"}],"wp:term":[{"taxonomy":"category","embeddable":true,"href":"https:\/\/www.sainte-therese-les-cordeliers.fr\/blog-cdi-lp\/wp-json\/wp\/v2\/categories?post=4950"},{"taxonomy":"post_tag","embeddable":true,"href":"https:\/\/www.sainte-therese-les-cordeliers.fr\/blog-cdi-lp\/wp-json\/wp\/v2\/tags?post=4950"}],"curies":[{"name":"wp","href":"https:\/\/api.w.org\/{rel}","templated":true}]}}