{"id":520,"date":"2015-03-06T16:28:53","date_gmt":"2015-03-06T15:28:53","guid":{"rendered":"https:\/\/www.sainte-therese-les-cordeliers.fr\/blog-cdi-lp\/?p=520"},"modified":"2015-03-09T13:23:47","modified_gmt":"2015-03-09T12:23:47","slug":"3eme-prepa-pro-etude-doeuvres-au-musee","status":"publish","type":"post","link":"https:\/\/www.sainte-therese-les-cordeliers.fr\/blog-cdi-lp\/3eme-prepa-pro-etude-doeuvres-au-musee\/","title":{"rendered":"3\u00e8me Pr\u00e9pa. Pro. : \u00e9tude d&rsquo;\u0153uvre au mus\u00e9e."},"content":{"rendered":"<p><a href=\"https:\/\/www.sainte-therese-les-cordeliers.fr\/blog-cdi-lp\/wp-content\/uploads\/sites\/3\/2015\/03\/DSC05078.jpg\"><img decoding=\"async\" class=\"alignnone  wp-image-522\" src=\"https:\/\/www.sainte-therese-les-cordeliers.fr\/blog-cdi-lp\/wp-content\/uploads\/sites\/3\/2015\/03\/DSC05078-300x225.jpg\" alt=\"DSC05078\" width=\"140\" height=\"105\" srcset=\"https:\/\/www.sainte-therese-les-cordeliers.fr\/blog-cdi-lp\/wp-content\/uploads\/sites\/3\/2015\/03\/DSC05078-300x225.jpg 300w, https:\/\/www.sainte-therese-les-cordeliers.fr\/blog-cdi-lp\/wp-content\/uploads\/sites\/3\/2015\/03\/DSC05078-800x600.jpg 800w\" sizes=\"(max-width: 140px) 100vw, 140px\" \/><\/a>\u00a0<a href=\"https:\/\/www.sainte-therese-les-cordeliers.fr\/blog-cdi-lp\/wp-content\/uploads\/sites\/3\/2015\/03\/DSC05083.jpg\"><img decoding=\"async\" class=\"alignnone  wp-image-523\" src=\"https:\/\/www.sainte-therese-les-cordeliers.fr\/blog-cdi-lp\/wp-content\/uploads\/sites\/3\/2015\/03\/DSC05083-300x225.jpg\" alt=\"DSC05083\" width=\"140\" height=\"105\" srcset=\"https:\/\/www.sainte-therese-les-cordeliers.fr\/blog-cdi-lp\/wp-content\/uploads\/sites\/3\/2015\/03\/DSC05083-300x225.jpg 300w, https:\/\/www.sainte-therese-les-cordeliers.fr\/blog-cdi-lp\/wp-content\/uploads\/sites\/3\/2015\/03\/DSC05083-800x600.jpg 800w\" sizes=\"(max-width: 140px) 100vw, 140px\" \/><\/a>\u00a0<a href=\"https:\/\/www.sainte-therese-les-cordeliers.fr\/blog-cdi-lp\/wp-content\/uploads\/sites\/3\/2015\/03\/DSC05091.jpg\"><img decoding=\"async\" class=\"alignnone  wp-image-524\" src=\"https:\/\/www.sainte-therese-les-cordeliers.fr\/blog-cdi-lp\/wp-content\/uploads\/sites\/3\/2015\/03\/DSC05091-300x225.jpg\" alt=\"DSC05091\" width=\"140\" height=\"105\" srcset=\"https:\/\/www.sainte-therese-les-cordeliers.fr\/blog-cdi-lp\/wp-content\/uploads\/sites\/3\/2015\/03\/DSC05091-300x225.jpg 300w, https:\/\/www.sainte-therese-les-cordeliers.fr\/blog-cdi-lp\/wp-content\/uploads\/sites\/3\/2015\/03\/DSC05091-800x600.jpg 800w\" sizes=\"(max-width: 140px) 100vw, 140px\" \/><\/a>\u00a0<a href=\"https:\/\/www.sainte-therese-les-cordeliers.fr\/blog-cdi-lp\/wp-content\/uploads\/sites\/3\/2015\/03\/DSC05089.jpg\"><img decoding=\"async\" class=\"alignnone  wp-image-525\" src=\"https:\/\/www.sainte-therese-les-cordeliers.fr\/blog-cdi-lp\/wp-content\/uploads\/sites\/3\/2015\/03\/DSC05089-300x225.jpg\" alt=\"DSC05089\" width=\"140\" height=\"105\" srcset=\"https:\/\/www.sainte-therese-les-cordeliers.fr\/blog-cdi-lp\/wp-content\/uploads\/sites\/3\/2015\/03\/DSC05089-300x225.jpg 300w, https:\/\/www.sainte-therese-les-cordeliers.fr\/blog-cdi-lp\/wp-content\/uploads\/sites\/3\/2015\/03\/DSC05089-800x600.jpg 800w\" sizes=\"(max-width: 140px) 100vw, 140px\" \/><\/a> <span style=\"color: black;line-height: 107%;font-family: 'Arial','sans-serif';font-size: 12pt\">Le vendredi\u00a027 mars, nous avons visit\u00e9 le mus\u00e9e Roger Quilliot. Nous avons parcouru les\u00a04 \u00e9tages de ce beau b\u00e2timent et d\u00e9couvert des \u0153uvres tr\u00e8s vari\u00e9es, peintures, sculptures&#8230; du moyen-\u00e2ge \u00e0 nos jours.\u00a0Ensuite, nous nous sommes plus particuli\u00e8rement int\u00e9ress\u00e9s \u00e0 l&rsquo;\u0153uvre les \u00ab\u00a0Saltimbanques\u00a0\u00bb de Gustave Dor\u00e9 r\u00e9alis\u00e9 en 1874. Apr\u00e8s avoir \u00e9tudi\u00e9 ce tableau en classe, nous voulions aller \u00e0 la rencontre de cette \u00ab\u00a0peinture\u00a0\u00bb, son histoire, les d\u00e9tails de sa conception\u00a0etc&#8230;. Chaque \u00e9l\u00e8ve a pu proposer une repr\u00e9sentation de cette \u0153uvre aux crayons de couleurs sur une feuille de format A4.<\/span><\/p>\n<p><span style=\"color: #333333;font-family: 'Arial','sans-serif';font-size: 12pt\">C&rsquo;\u00e9tait tr\u00e8s int\u00e9ressant. Il nous tarde de recommencer. \ud83d\ude00\u00a0<\/span><\/p>\n<p style=\"text-align: right\"><span style=\"color: #333333;font-family: 'Arial','sans-serif';font-size: 12pt\">Les \u00e9l\u00e8ves de 3<sup>\u00e8me<\/sup> pr\u00e9pa. Pro.<\/span><\/p>\n<p>&nbsp;<\/p>\n","protected":false},"excerpt":{"rendered":"<p>\u00a0\u00a0\u00a0 Le vendredi\u00a027 mars, nous avons visit\u00e9 le mus\u00e9e Roger Quilliot. Nous avons parcouru les\u00a04 \u00e9tages de ce beau b\u00e2timent et d\u00e9couvert des \u0153uvres tr\u00e8s vari\u00e9es, peintures, sculptures&#8230; du moyen-\u00e2ge \u00e0 nos jours.\u00a0Ensuite, nous nous sommes plus particuli\u00e8rement int\u00e9ress\u00e9s \u00e0 l&rsquo;\u0153uvre les \u00ab\u00a0Saltimbanques\u00a0\u00bb de Gustave Dor\u00e9 r\u00e9alis\u00e9 en 1874. Apr\u00e8s avoir \u00e9tudi\u00e9 ce tableau en <a href=\"https:\/\/www.sainte-therese-les-cordeliers.fr\/blog-cdi-lp\/3eme-prepa-pro-etude-doeuvres-au-musee\/\"> [&#8230;]<\/a><\/p>\n","protected":false},"author":3,"featured_media":0,"comment_status":"closed","ping_status":"closed","sticky":false,"template":"","format":"standard","meta":{"om_disable_all_campaigns":false,"footnotes":""},"categories":[32],"tags":[24],"class_list":["post-520","post","type-post","status-publish","format-standard","hentry","category-art","tag-3eme-prepa-pro"],"aioseo_notices":[],"_links":{"self":[{"href":"https:\/\/www.sainte-therese-les-cordeliers.fr\/blog-cdi-lp\/wp-json\/wp\/v2\/posts\/520","targetHints":{"allow":["GET"]}}],"collection":[{"href":"https:\/\/www.sainte-therese-les-cordeliers.fr\/blog-cdi-lp\/wp-json\/wp\/v2\/posts"}],"about":[{"href":"https:\/\/www.sainte-therese-les-cordeliers.fr\/blog-cdi-lp\/wp-json\/wp\/v2\/types\/post"}],"author":[{"embeddable":true,"href":"https:\/\/www.sainte-therese-les-cordeliers.fr\/blog-cdi-lp\/wp-json\/wp\/v2\/users\/3"}],"replies":[{"embeddable":true,"href":"https:\/\/www.sainte-therese-les-cordeliers.fr\/blog-cdi-lp\/wp-json\/wp\/v2\/comments?post=520"}],"version-history":[{"count":8,"href":"https:\/\/www.sainte-therese-les-cordeliers.fr\/blog-cdi-lp\/wp-json\/wp\/v2\/posts\/520\/revisions"}],"predecessor-version":[{"id":532,"href":"https:\/\/www.sainte-therese-les-cordeliers.fr\/blog-cdi-lp\/wp-json\/wp\/v2\/posts\/520\/revisions\/532"}],"wp:attachment":[{"href":"https:\/\/www.sainte-therese-les-cordeliers.fr\/blog-cdi-lp\/wp-json\/wp\/v2\/media?parent=520"}],"wp:term":[{"taxonomy":"category","embeddable":true,"href":"https:\/\/www.sainte-therese-les-cordeliers.fr\/blog-cdi-lp\/wp-json\/wp\/v2\/categories?post=520"},{"taxonomy":"post_tag","embeddable":true,"href":"https:\/\/www.sainte-therese-les-cordeliers.fr\/blog-cdi-lp\/wp-json\/wp\/v2\/tags?post=520"}],"curies":[{"name":"wp","href":"https:\/\/api.w.org\/{rel}","templated":true}]}}