{"id":583,"date":"2015-04-02T16:36:36","date_gmt":"2015-04-02T15:36:36","guid":{"rendered":"https:\/\/www.sainte-therese-les-cordeliers.fr\/blog-cdi-lp\/?p=583"},"modified":"2015-04-02T16:36:36","modified_gmt":"2015-04-02T15:36:36","slug":"3eme-prepa-pro-concours-des-dix-mots","status":"publish","type":"post","link":"https:\/\/www.sainte-therese-les-cordeliers.fr\/blog-cdi-lp\/3eme-prepa-pro-concours-des-dix-mots\/","title":{"rendered":"3\u00e8me pr\u00e9pa. pro. : \u00ab\u00a0CONCOURS DES DIX MOTS\u00a0\u00bb"},"content":{"rendered":"<p><span style=\"color: #333333;font-family: 'Arial','sans-serif'\">Dans le cadre des cours de fran\u00e7ais, la classe de 3\u00e8me pr\u00e9pa. pro. vient de participer\u00a0\u00e0 la 9\u00e8me \u00e9dition du \u00ab\u00a0concours des 10 mots\u00a0\u00bb. Cette op\u00e9ration de sensibilisation \u00e0 la langue fran\u00e7aise invite chacun \u00e0 jouer et \u00e0 s&rsquo;exprimer sous une forme litt\u00e9raire ou artistique.<\/span><\/p>\n<p><span style=\"color: #333333;font-family: 'Arial','sans-serif'\">Ces dix mots sont choisis chaque ann\u00e9e par les diff\u00e9rents partenaires francophones : la France, la Belgique, le Qu\u00e9bec, la Suisse et l&rsquo;Organisation internationale de la Francophonie (qui regroupe 77 Etats et Gouvernements dans le monde). <\/span><\/p>\n<p><span style=\"color: #333333;font-family: 'Arial','sans-serif'\">Il s\u2019agit de donner libre cours \u00e0 sa cr\u00e9ativit\u00e9 : dix mots \u00e0 \u00e9crire, slamer, chanter, filmer&#8230; ! <\/span><span style=\"font-family: 'Arial','sans-serif'\"><span style=\"color: #000000\">Cette ann\u00e9e, \u00ab\u00a0Dis-moi dix mots\u00a0\u00bb a mis \u00e0 l\u2019honneur les mots <em><span style=\"font-family: 'Arial','sans-serif'\">amalgame<\/span><\/em>, <em><span style=\"font-family: 'Arial','sans-serif'\">bravo<\/span><\/em>, <em><span style=\"font-family: 'Arial','sans-serif'\">cibler<\/span><\/em>, <em><span style=\"font-family: 'Arial','sans-serif'\">grigri<\/span><\/em>, <em><span style=\"font-family: 'Arial','sans-serif'\">inuit(e)<\/span><\/em>, <em><span style=\"font-family: 'Arial','sans-serif'\">kermesse<\/span><\/em>, <em><span style=\"font-family: 'Arial','sans-serif'\">kitsch<\/span><\/em>, <em><span style=\"font-family: 'Arial','sans-serif'\">s\u00e9rendipit\u00e9<\/span><\/em>, <em><span style=\"font-family: 'Arial','sans-serif'\">wiki<\/span><\/em> et <em><span style=\"font-family: 'Arial','sans-serif'\">z\u00e9nitude<\/span><\/em>. <\/span><\/span><\/p>\n<p><a href=\"https:\/\/www.sainte-therese-les-cordeliers.fr\/blog-cdi-lp\/wp-content\/uploads\/sites\/3\/2015\/04\/DSC05240.jpg\"><img decoding=\"async\" class=\"  wp-image-584 alignleft\" src=\"https:\/\/www.sainte-therese-les-cordeliers.fr\/blog-cdi-lp\/wp-content\/uploads\/sites\/3\/2015\/04\/DSC05240-300x225.jpg\" alt=\"DSC05240\" width=\"238\" height=\"178\" srcset=\"https:\/\/www.sainte-therese-les-cordeliers.fr\/blog-cdi-lp\/wp-content\/uploads\/sites\/3\/2015\/04\/DSC05240-300x225.jpg 300w, https:\/\/www.sainte-therese-les-cordeliers.fr\/blog-cdi-lp\/wp-content\/uploads\/sites\/3\/2015\/04\/DSC05240-800x600.jpg 800w\" sizes=\"(max-width: 238px) 100vw, 238px\" \/><\/a>\u00a0\u00a0\u00a0\u00a0 \u00a0<a href=\"https:\/\/www.sainte-therese-les-cordeliers.fr\/blog-cdi-lp\/wp-content\/uploads\/sites\/3\/2015\/04\/DSC05241.jpg\"><img decoding=\"async\" class=\"alignnone  wp-image-585\" src=\"https:\/\/www.sainte-therese-les-cordeliers.fr\/blog-cdi-lp\/wp-content\/uploads\/sites\/3\/2015\/04\/DSC05241-300x225.jpg\" alt=\"DSC05241\" width=\"237\" height=\"178\" srcset=\"https:\/\/www.sainte-therese-les-cordeliers.fr\/blog-cdi-lp\/wp-content\/uploads\/sites\/3\/2015\/04\/DSC05241-300x225.jpg 300w, https:\/\/www.sainte-therese-les-cordeliers.fr\/blog-cdi-lp\/wp-content\/uploads\/sites\/3\/2015\/04\/DSC05241-800x600.jpg 800w\" sizes=\"(max-width: 237px) 100vw, 237px\" \/><\/a><\/p>\n<p><span style=\"color: #333333;font-family: 'Arial','sans-serif'\">Nos \u00e9l\u00e8ves, par groupes de 3 ou 4, ont d\u00e9cid\u00e9 de\u00a0cr\u00e9er leurs sc\u00e9narios originaux, et ensuite de jouer leurs \u00ab\u00a0propres sketchs\u00a0\u00bb. Le tournage s\u2019est effectu\u00e9 au CDI, avec l\u2019utilisation d\u2019un logiciel \u00ab\u00a0fond bleu\u00a0\u00bb, permettant l\u2019incrustation d\u2019images diverses derri\u00e8re les personnages\u2026 La qualit\u00e9 finale des productions a enchant\u00e9 l\u2019ensemble des enseignants\u00a0; nous attendons avec impatience la liste des laur\u00e9ats\u00a0!!!<\/span><\/p>\n<p><span style=\"font-family: 'Arial','sans-serif'\"><span style=\"color: #000000\">\u00a0\u00a0<\/span><\/span><\/p>\n<p>&nbsp;<\/p>\n","protected":false},"excerpt":{"rendered":"<p>Dans le cadre des cours de fran\u00e7ais, la classe de 3\u00e8me pr\u00e9pa. pro. vient de participer\u00a0\u00e0 la 9\u00e8me \u00e9dition du \u00ab\u00a0concours des 10 mots\u00a0\u00bb. Cette op\u00e9ration de sensibilisation \u00e0 la langue fran\u00e7aise invite chacun \u00e0 jouer et \u00e0 s&rsquo;exprimer sous une forme litt\u00e9raire ou artistique. Ces dix mots sont choisis chaque ann\u00e9e par les diff\u00e9rents <a href=\"https:\/\/www.sainte-therese-les-cordeliers.fr\/blog-cdi-lp\/3eme-prepa-pro-concours-des-dix-mots\/\"> [&#8230;]<\/a><\/p>\n","protected":false},"author":3,"featured_media":0,"comment_status":"closed","ping_status":"closed","sticky":false,"template":"","format":"standard","meta":{"om_disable_all_campaigns":false,"footnotes":""},"categories":[30],"tags":[24,42],"class_list":["post-583","post","type-post","status-publish","format-standard","hentry","category-theatre","tag-3eme-prepa-pro","tag-cdi"],"aioseo_notices":[],"_links":{"self":[{"href":"https:\/\/www.sainte-therese-les-cordeliers.fr\/blog-cdi-lp\/wp-json\/wp\/v2\/posts\/583","targetHints":{"allow":["GET"]}}],"collection":[{"href":"https:\/\/www.sainte-therese-les-cordeliers.fr\/blog-cdi-lp\/wp-json\/wp\/v2\/posts"}],"about":[{"href":"https:\/\/www.sainte-therese-les-cordeliers.fr\/blog-cdi-lp\/wp-json\/wp\/v2\/types\/post"}],"author":[{"embeddable":true,"href":"https:\/\/www.sainte-therese-les-cordeliers.fr\/blog-cdi-lp\/wp-json\/wp\/v2\/users\/3"}],"replies":[{"embeddable":true,"href":"https:\/\/www.sainte-therese-les-cordeliers.fr\/blog-cdi-lp\/wp-json\/wp\/v2\/comments?post=583"}],"version-history":[{"count":3,"href":"https:\/\/www.sainte-therese-les-cordeliers.fr\/blog-cdi-lp\/wp-json\/wp\/v2\/posts\/583\/revisions"}],"predecessor-version":[{"id":588,"href":"https:\/\/www.sainte-therese-les-cordeliers.fr\/blog-cdi-lp\/wp-json\/wp\/v2\/posts\/583\/revisions\/588"}],"wp:attachment":[{"href":"https:\/\/www.sainte-therese-les-cordeliers.fr\/blog-cdi-lp\/wp-json\/wp\/v2\/media?parent=583"}],"wp:term":[{"taxonomy":"category","embeddable":true,"href":"https:\/\/www.sainte-therese-les-cordeliers.fr\/blog-cdi-lp\/wp-json\/wp\/v2\/categories?post=583"},{"taxonomy":"post_tag","embeddable":true,"href":"https:\/\/www.sainte-therese-les-cordeliers.fr\/blog-cdi-lp\/wp-json\/wp\/v2\/tags?post=583"}],"curies":[{"name":"wp","href":"https:\/\/api.w.org\/{rel}","templated":true}]}}