{"id":632,"date":"2015-05-18T16:24:14","date_gmt":"2015-05-18T15:24:14","guid":{"rendered":"https:\/\/www.sainte-therese-les-cordeliers.fr\/blog-cdi-lp\/?p=632"},"modified":"2015-05-18T16:29:09","modified_gmt":"2015-05-18T15:29:09","slug":"632","status":"publish","type":"post","link":"https:\/\/www.sainte-therese-les-cordeliers.fr\/blog-cdi-lp\/632\/","title":{"rendered":"Les M.C.A.D. au Foyer Roger Br\u00e9chard"},"content":{"rendered":"<p>Les \u00e9l\u00e8ves de M.C.A.D. (Mention Compl\u00e9mentaire Aide \u00e0 Domicile) se sont rendus r\u00e9cemment au Foyer Roger Br\u00e9chard. Ils ont particip\u00e9 \u00e0 un atelier culinaire aupr\u00e8s d&rsquo;un public de personnes handicap\u00e9es. Leur action a consist\u00e9 \u00e0 r\u00e9aliser un buffet ap\u00e9ritif. Tout\u00a0au long de leur intervention, ils durent adapter leur attitude en fonction des usagers (stimulation, valorisation, participation, vigilance&#8230;)\u00a0: une exp\u00e9rience enrichissante et un moment de partage tr\u00e8s agr\u00e9able.<\/p>\n<p><a href=\"https:\/\/www.sainte-therese-les-cordeliers.fr\/blog-cdi-lp\/wp-content\/uploads\/sites\/3\/2015\/05\/DSC01663.jpg\"><img decoding=\"async\" class=\"alignnone  wp-image-633\" src=\"https:\/\/www.sainte-therese-les-cordeliers.fr\/blog-cdi-lp\/wp-content\/uploads\/sites\/3\/2015\/05\/DSC01663-300x225.jpg\" alt=\"DSC01663\" width=\"207\" height=\"155\" srcset=\"https:\/\/www.sainte-therese-les-cordeliers.fr\/blog-cdi-lp\/wp-content\/uploads\/sites\/3\/2015\/05\/DSC01663-300x225.jpg 300w, https:\/\/www.sainte-therese-les-cordeliers.fr\/blog-cdi-lp\/wp-content\/uploads\/sites\/3\/2015\/05\/DSC01663-800x600.jpg 800w\" sizes=\"(max-width: 207px) 100vw, 207px\" \/><\/a> <a href=\"https:\/\/www.sainte-therese-les-cordeliers.fr\/blog-cdi-lp\/wp-content\/uploads\/sites\/3\/2015\/05\/DSC01671.jpg\"><img decoding=\"async\" class=\"alignnone  wp-image-634\" src=\"https:\/\/www.sainte-therese-les-cordeliers.fr\/blog-cdi-lp\/wp-content\/uploads\/sites\/3\/2015\/05\/DSC01671-225x300.jpg\" alt=\"DSC01671\" width=\"115\" height=\"155\" \/><\/a> <a href=\"https:\/\/www.sainte-therese-les-cordeliers.fr\/blog-cdi-lp\/wp-content\/uploads\/sites\/3\/2015\/05\/DSC01662.jpg\"><img decoding=\"async\" class=\"alignnone  wp-image-635\" src=\"https:\/\/www.sainte-therese-les-cordeliers.fr\/blog-cdi-lp\/wp-content\/uploads\/sites\/3\/2015\/05\/DSC01662-300x225.jpg\" alt=\"DSC01662\" width=\"207\" height=\"155\" srcset=\"https:\/\/www.sainte-therese-les-cordeliers.fr\/blog-cdi-lp\/wp-content\/uploads\/sites\/3\/2015\/05\/DSC01662-300x225.jpg 300w, https:\/\/www.sainte-therese-les-cordeliers.fr\/blog-cdi-lp\/wp-content\/uploads\/sites\/3\/2015\/05\/DSC01662-800x600.jpg 800w\" sizes=\"(max-width: 207px) 100vw, 207px\" \/><\/a><\/p>\n","protected":false},"excerpt":{"rendered":"<p>Les \u00e9l\u00e8ves de M.C.A.D. (Mention Compl\u00e9mentaire Aide \u00e0 Domicile) se sont rendus r\u00e9cemment au Foyer Roger Br\u00e9chard. Ils ont particip\u00e9 \u00e0 un atelier culinaire aupr\u00e8s d&rsquo;un public de personnes handicap\u00e9es. Leur action a consist\u00e9 \u00e0 r\u00e9aliser un buffet ap\u00e9ritif. Tout\u00a0au long de leur intervention, ils durent adapter leur attitude en fonction des usagers (stimulation, valorisation, <a href=\"https:\/\/www.sainte-therese-les-cordeliers.fr\/blog-cdi-lp\/632\/\"> [&#8230;]<\/a><\/p>\n","protected":false},"author":3,"featured_media":0,"comment_status":"closed","ping_status":"closed","sticky":false,"template":"","format":"standard","meta":{"om_disable_all_campaigns":false,"footnotes":""},"categories":[20],"tags":[40,8,18],"class_list":["post-632","post","type-post","status-publish","format-standard","hentry","category-animation","tag-animation","tag-cuisine","tag-mcad"],"aioseo_notices":[],"_links":{"self":[{"href":"https:\/\/www.sainte-therese-les-cordeliers.fr\/blog-cdi-lp\/wp-json\/wp\/v2\/posts\/632","targetHints":{"allow":["GET"]}}],"collection":[{"href":"https:\/\/www.sainte-therese-les-cordeliers.fr\/blog-cdi-lp\/wp-json\/wp\/v2\/posts"}],"about":[{"href":"https:\/\/www.sainte-therese-les-cordeliers.fr\/blog-cdi-lp\/wp-json\/wp\/v2\/types\/post"}],"author":[{"embeddable":true,"href":"https:\/\/www.sainte-therese-les-cordeliers.fr\/blog-cdi-lp\/wp-json\/wp\/v2\/users\/3"}],"replies":[{"embeddable":true,"href":"https:\/\/www.sainte-therese-les-cordeliers.fr\/blog-cdi-lp\/wp-json\/wp\/v2\/comments?post=632"}],"version-history":[{"count":6,"href":"https:\/\/www.sainte-therese-les-cordeliers.fr\/blog-cdi-lp\/wp-json\/wp\/v2\/posts\/632\/revisions"}],"predecessor-version":[{"id":641,"href":"https:\/\/www.sainte-therese-les-cordeliers.fr\/blog-cdi-lp\/wp-json\/wp\/v2\/posts\/632\/revisions\/641"}],"wp:attachment":[{"href":"https:\/\/www.sainte-therese-les-cordeliers.fr\/blog-cdi-lp\/wp-json\/wp\/v2\/media?parent=632"}],"wp:term":[{"taxonomy":"category","embeddable":true,"href":"https:\/\/www.sainte-therese-les-cordeliers.fr\/blog-cdi-lp\/wp-json\/wp\/v2\/categories?post=632"},{"taxonomy":"post_tag","embeddable":true,"href":"https:\/\/www.sainte-therese-les-cordeliers.fr\/blog-cdi-lp\/wp-json\/wp\/v2\/tags?post=632"}],"curies":[{"name":"wp","href":"https:\/\/api.w.org\/{rel}","templated":true}]}}