{"id":643,"date":"2015-05-26T14:07:44","date_gmt":"2015-05-26T13:07:44","guid":{"rendered":"https:\/\/www.sainte-therese-les-cordeliers.fr\/blog-cdi-lp\/?p=643"},"modified":"2015-05-26T14:07:44","modified_gmt":"2015-05-26T13:07:44","slug":"une-artiste-en-herbe","status":"publish","type":"post","link":"https:\/\/www.sainte-therese-les-cordeliers.fr\/blog-cdi-lp\/une-artiste-en-herbe\/","title":{"rendered":"Une artiste en herbe !"},"content":{"rendered":"<p><span style=\"color: #000000;font-family: Calibri\"><a href=\"https:\/\/www.sainte-therese-les-cordeliers.fr\/blog-cdi-lp\/wp-content\/uploads\/sites\/3\/2015\/05\/DSC05262.jpg\"><img decoding=\"async\" class=\"alignnone  wp-image-644\" src=\"https:\/\/www.sainte-therese-les-cordeliers.fr\/blog-cdi-lp\/wp-content\/uploads\/sites\/3\/2015\/05\/DSC05262-300x167.jpg\" alt=\"DSC05262\" width=\"162\" height=\"90\" srcset=\"https:\/\/www.sainte-therese-les-cordeliers.fr\/blog-cdi-lp\/wp-content\/uploads\/sites\/3\/2015\/05\/DSC05262-300x167.jpg 300w, https:\/\/www.sainte-therese-les-cordeliers.fr\/blog-cdi-lp\/wp-content\/uploads\/sites\/3\/2015\/05\/DSC05262-800x446.jpg 800w\" sizes=\"(max-width: 162px) 100vw, 162px\" \/><\/a> <a href=\"https:\/\/www.sainte-therese-les-cordeliers.fr\/blog-cdi-lp\/wp-content\/uploads\/sites\/3\/2015\/05\/DSC05264.jpg\"><img decoding=\"async\" class=\"alignnone  wp-image-645\" src=\"https:\/\/www.sainte-therese-les-cordeliers.fr\/blog-cdi-lp\/wp-content\/uploads\/sites\/3\/2015\/05\/DSC05264-300x189.jpg\" alt=\"DSC05264\" width=\"143\" height=\"90\" srcset=\"https:\/\/www.sainte-therese-les-cordeliers.fr\/blog-cdi-lp\/wp-content\/uploads\/sites\/3\/2015\/05\/DSC05264-300x189.jpg 300w, https:\/\/www.sainte-therese-les-cordeliers.fr\/blog-cdi-lp\/wp-content\/uploads\/sites\/3\/2015\/05\/DSC05264-800x505.jpg 800w\" sizes=\"(max-width: 143px) 100vw, 143px\" \/><\/a> <a href=\"https:\/\/www.sainte-therese-les-cordeliers.fr\/blog-cdi-lp\/wp-content\/uploads\/sites\/3\/2015\/05\/DSC05265.jpg\"><img decoding=\"async\" class=\"alignnone  wp-image-646\" src=\"https:\/\/www.sainte-therese-les-cordeliers.fr\/blog-cdi-lp\/wp-content\/uploads\/sites\/3\/2015\/05\/DSC05265-300x244.jpg\" alt=\"DSC05265\" width=\"111\" height=\"90\" srcset=\"https:\/\/www.sainte-therese-les-cordeliers.fr\/blog-cdi-lp\/wp-content\/uploads\/sites\/3\/2015\/05\/DSC05265-300x244.jpg 300w, https:\/\/www.sainte-therese-les-cordeliers.fr\/blog-cdi-lp\/wp-content\/uploads\/sites\/3\/2015\/05\/DSC05265-800x652.jpg 800w\" sizes=\"(max-width: 111px) 100vw, 111px\" \/><\/a> <a href=\"https:\/\/www.sainte-therese-les-cordeliers.fr\/blog-cdi-lp\/wp-content\/uploads\/sites\/3\/2015\/05\/DSC05266.jpg\"><img decoding=\"async\" class=\"alignnone  wp-image-647\" src=\"https:\/\/www.sainte-therese-les-cordeliers.fr\/blog-cdi-lp\/wp-content\/uploads\/sites\/3\/2015\/05\/DSC05266-300x184.jpg\" alt=\"DSC05266\" width=\"147\" height=\"90\" srcset=\"https:\/\/www.sainte-therese-les-cordeliers.fr\/blog-cdi-lp\/wp-content\/uploads\/sites\/3\/2015\/05\/DSC05266-300x184.jpg 300w, https:\/\/www.sainte-therese-les-cordeliers.fr\/blog-cdi-lp\/wp-content\/uploads\/sites\/3\/2015\/05\/DSC05266-800x492.jpg 800w\" sizes=\"(max-width: 147px) 100vw, 147px\" \/><\/a><\/span><\/p>\n<p><span style=\"color: #000000;font-family: Calibri\">Depuis une semaine, St\u00e9phanie Choisne, \u00e9l\u00e8ve en terminale ASSP, expose au CDI ses travaux r\u00e9alis\u00e9s sur l\u2019artiste peintre mexicaine Frida Kahlo. Mise en place dans un premier temps pour r\u00e9pondre aux exigences des \u00e9preuves d\u2019arts appliqu\u00e9s du baccalaur\u00e9at, cette exposition ne tarda pas \u00e0 s\u00e9duire un large public, adultes comme \u00e9l\u00e8ves. F\u00e9licitations \u00e0 l\u2019artiste, en esp\u00e9rant qu\u2019elle puisse r\u00e9it\u00e9rer cette exp\u00e9rience\u2026 <\/span><\/p>\n<p>&nbsp;<\/p>\n","protected":false},"excerpt":{"rendered":"<p>Depuis une semaine, St\u00e9phanie Choisne, \u00e9l\u00e8ve en terminale ASSP, expose au CDI ses travaux r\u00e9alis\u00e9s sur l\u2019artiste peintre mexicaine Frida Kahlo. Mise en place dans un premier temps pour r\u00e9pondre aux exigences des \u00e9preuves d\u2019arts appliqu\u00e9s du baccalaur\u00e9at, cette exposition ne tarda pas \u00e0 s\u00e9duire un large public, adultes comme \u00e9l\u00e8ves. F\u00e9licitations \u00e0 l\u2019artiste, en <a href=\"https:\/\/www.sainte-therese-les-cordeliers.fr\/blog-cdi-lp\/une-artiste-en-herbe\/\"> [&#8230;]<\/a><\/p>\n","protected":false},"author":3,"featured_media":0,"comment_status":"closed","ping_status":"closed","sticky":false,"template":"","format":"standard","meta":{"om_disable_all_campaigns":false,"footnotes":""},"categories":[32],"tags":[],"class_list":["post-643","post","type-post","status-publish","format-standard","hentry","category-art"],"aioseo_notices":[],"_links":{"self":[{"href":"https:\/\/www.sainte-therese-les-cordeliers.fr\/blog-cdi-lp\/wp-json\/wp\/v2\/posts\/643","targetHints":{"allow":["GET"]}}],"collection":[{"href":"https:\/\/www.sainte-therese-les-cordeliers.fr\/blog-cdi-lp\/wp-json\/wp\/v2\/posts"}],"about":[{"href":"https:\/\/www.sainte-therese-les-cordeliers.fr\/blog-cdi-lp\/wp-json\/wp\/v2\/types\/post"}],"author":[{"embeddable":true,"href":"https:\/\/www.sainte-therese-les-cordeliers.fr\/blog-cdi-lp\/wp-json\/wp\/v2\/users\/3"}],"replies":[{"embeddable":true,"href":"https:\/\/www.sainte-therese-les-cordeliers.fr\/blog-cdi-lp\/wp-json\/wp\/v2\/comments?post=643"}],"version-history":[{"count":1,"href":"https:\/\/www.sainte-therese-les-cordeliers.fr\/blog-cdi-lp\/wp-json\/wp\/v2\/posts\/643\/revisions"}],"predecessor-version":[{"id":648,"href":"https:\/\/www.sainte-therese-les-cordeliers.fr\/blog-cdi-lp\/wp-json\/wp\/v2\/posts\/643\/revisions\/648"}],"wp:attachment":[{"href":"https:\/\/www.sainte-therese-les-cordeliers.fr\/blog-cdi-lp\/wp-json\/wp\/v2\/media?parent=643"}],"wp:term":[{"taxonomy":"category","embeddable":true,"href":"https:\/\/www.sainte-therese-les-cordeliers.fr\/blog-cdi-lp\/wp-json\/wp\/v2\/categories?post=643"},{"taxonomy":"post_tag","embeddable":true,"href":"https:\/\/www.sainte-therese-les-cordeliers.fr\/blog-cdi-lp\/wp-json\/wp\/v2\/tags?post=643"}],"curies":[{"name":"wp","href":"https:\/\/api.w.org\/{rel}","templated":true}]}}