{"id":679,"date":"2015-10-21T10:57:07","date_gmt":"2015-10-21T09:57:07","guid":{"rendered":"https:\/\/www.sainte-therese-les-cordeliers.fr\/blog-cdi-lp\/?p=679"},"modified":"2015-10-22T14:36:40","modified_gmt":"2015-10-22T13:36:40","slug":"visite-pedagogique-a-la-foire-de-cournon","status":"publish","type":"post","link":"https:\/\/www.sainte-therese-les-cordeliers.fr\/blog-cdi-lp\/visite-pedagogique-a-la-foire-de-cournon\/","title":{"rendered":"Visite p\u00e9dagogique \u00e0 la \u00ab\u00a0Foire de Cournon\u00a0\u00bb"},"content":{"rendered":"<p><a href=\"https:\/\/www.sainte-therese-les-cordeliers.fr\/blog-cdi-lp\/wp-content\/uploads\/sites\/3\/2015\/10\/cournon-3.jpg\"><img decoding=\"async\" class=\" wp-image-680 aligncenter\" src=\"https:\/\/www.sainte-therese-les-cordeliers.fr\/blog-cdi-lp\/wp-content\/uploads\/sites\/3\/2015\/10\/cournon-3-300x200.jpg\" alt=\"4 R\" width=\"272\" height=\"181\" srcset=\"https:\/\/www.sainte-therese-les-cordeliers.fr\/blog-cdi-lp\/wp-content\/uploads\/sites\/3\/2015\/10\/cournon-3-300x200.jpg 300w, https:\/\/www.sainte-therese-les-cordeliers.fr\/blog-cdi-lp\/wp-content\/uploads\/sites\/3\/2015\/10\/cournon-3.jpg 800w\" sizes=\"(max-width: 272px) 100vw, 272px\" \/><\/a><\/p>\n<p>Chaque ann\u00e9e la Foire Internationale de Clermont-Ferrand est l\u2019occasion de rencontrer les acteurs du secteur commercial.<br \/>\nLes classes de CAP \u00ab\u00a0Employ\u00e9 de Vente Sp\u00e9cialis\u00e9\u00a0\u00bb, de seconde et de premi\u00e8re du bac professionnel Commerce et Accueil, ont pass\u00e9 une journ\u00e9e enti\u00e8re \u00e0 la foire afin de r\u00e9aliser des travaux p\u00e9dagogiques.<\/p>\n<p><a href=\"https:\/\/www.sainte-therese-les-cordeliers.fr\/blog-cdi-lp\/wp-content\/uploads\/sites\/3\/2015\/10\/cournon.jpg\">\u00a0\u00a0\u00a0\u00a0\u00a0\u00a0\u00a0\u00a0\u00a0\u00a0\u00a0\u00a0\u00a0\u00a0\u00a0\u00a0\u00a0\u00a0\u00a0 <img decoding=\"async\" class=\"alignnone wp-image-681\" src=\"https:\/\/www.sainte-therese-les-cordeliers.fr\/blog-cdi-lp\/wp-content\/uploads\/sites\/3\/2015\/10\/cournon-207x300.jpg\" alt=\"cournon\" width=\"104\" height=\"151\" srcset=\"https:\/\/www.sainte-therese-les-cordeliers.fr\/blog-cdi-lp\/wp-content\/uploads\/sites\/3\/2015\/10\/cournon-207x300.jpg 207w, https:\/\/www.sainte-therese-les-cordeliers.fr\/blog-cdi-lp\/wp-content\/uploads\/sites\/3\/2015\/10\/cournon.jpg 414w\" sizes=\"(max-width: 104px) 100vw, 104px\" \/><\/a> <a href=\"https:\/\/www.sainte-therese-les-cordeliers.fr\/blog-cdi-lp\/wp-content\/uploads\/sites\/3\/2015\/10\/cournon-2.jpg\"><img decoding=\"async\" class=\"alignnone wp-image-682\" src=\"https:\/\/www.sainte-therese-les-cordeliers.fr\/blog-cdi-lp\/wp-content\/uploads\/sites\/3\/2015\/10\/cournon-2-300x169.jpg\" alt=\"cournon 2\" width=\"243\" height=\"137\" srcset=\"https:\/\/www.sainte-therese-les-cordeliers.fr\/blog-cdi-lp\/wp-content\/uploads\/sites\/3\/2015\/10\/cournon-2-300x169.jpg 300w, https:\/\/www.sainte-therese-les-cordeliers.fr\/blog-cdi-lp\/wp-content\/uploads\/sites\/3\/2015\/10\/cournon-2.jpg 640w\" sizes=\"(max-width: 243px) 100vw, 243px\" \/><\/a> <a href=\"https:\/\/www.sainte-therese-les-cordeliers.fr\/blog-cdi-lp\/wp-content\/uploads\/sites\/3\/2015\/10\/cournon.jpg\"><img decoding=\"async\" class=\"alignnone wp-image-681\" src=\"https:\/\/www.sainte-therese-les-cordeliers.fr\/blog-cdi-lp\/wp-content\/uploads\/sites\/3\/2015\/10\/cournon-207x300.jpg\" alt=\"cournon\" width=\"104\" height=\"151\" srcset=\"https:\/\/www.sainte-therese-les-cordeliers.fr\/blog-cdi-lp\/wp-content\/uploads\/sites\/3\/2015\/10\/cournon-207x300.jpg 207w, https:\/\/www.sainte-therese-les-cordeliers.fr\/blog-cdi-lp\/wp-content\/uploads\/sites\/3\/2015\/10\/cournon.jpg 414w\" sizes=\"(max-width: 104px) 100vw, 104px\" \/>\u00a9<\/a><br \/>\nIls avaient pour mission de <span style=\"color: #993366\">d\u00e9couvrir le monde du commerce,<\/span> leur environnement \u00e9conomique et juridique, les bonimenteurs, les entreprises et commerces auvergnats. L\u2019exposition propos\u00e9e cette ann\u00e9e sur les objets connect\u00e9s a permis aux \u00e9l\u00e8ves de toutes les classes de d\u00e9couvrir des entreprises innovantes de la r\u00e9gion.<br \/>\nC\u2019est sous un beau soleil et avec beaucoup de s\u00e9rieux que les \u00e9l\u00e8ves ont pu discuter avec les professionnels et visiteurs, et entrer dans leur nouveau m\u00e9tier. Les travaux r\u00e9alis\u00e9s ont ensuite \u00e9t\u00e9 exploit\u00e9s en classe.<\/p>\n","protected":false},"excerpt":{"rendered":"<p>Chaque ann\u00e9e la Foire Internationale de Clermont-Ferrand est l\u2019occasion de rencontrer les acteurs du secteur commercial. Les classes de CAP \u00ab\u00a0Employ\u00e9 de Vente Sp\u00e9cialis\u00e9\u00a0\u00bb, de seconde et de premi\u00e8re du bac professionnel Commerce et Accueil, ont pass\u00e9 une journ\u00e9e enti\u00e8re \u00e0 la foire afin de r\u00e9aliser des travaux p\u00e9dagogiques. \u00a0\u00a0\u00a0\u00a0\u00a0\u00a0\u00a0\u00a0\u00a0\u00a0\u00a0\u00a0\u00a0\u00a0\u00a0\u00a0\u00a0\u00a0\u00a0 \u00a9 Ils avaient pour mission <a href=\"https:\/\/www.sainte-therese-les-cordeliers.fr\/blog-cdi-lp\/visite-pedagogique-a-la-foire-de-cournon\/\"> [&#8230;]<\/a><\/p>\n","protected":false},"author":3,"featured_media":0,"comment_status":"closed","ping_status":"closed","sticky":false,"template":"","format":"standard","meta":{"om_disable_all_campaigns":false,"footnotes":""},"categories":[37],"tags":[21,35,34],"class_list":["post-679","post","type-post","status-publish","format-standard","hentry","category-commerce","tag-accueil-relation-clients","tag-bac-pro-commerce","tag-cap-vente"],"aioseo_notices":[],"_links":{"self":[{"href":"https:\/\/www.sainte-therese-les-cordeliers.fr\/blog-cdi-lp\/wp-json\/wp\/v2\/posts\/679","targetHints":{"allow":["GET"]}}],"collection":[{"href":"https:\/\/www.sainte-therese-les-cordeliers.fr\/blog-cdi-lp\/wp-json\/wp\/v2\/posts"}],"about":[{"href":"https:\/\/www.sainte-therese-les-cordeliers.fr\/blog-cdi-lp\/wp-json\/wp\/v2\/types\/post"}],"author":[{"embeddable":true,"href":"https:\/\/www.sainte-therese-les-cordeliers.fr\/blog-cdi-lp\/wp-json\/wp\/v2\/users\/3"}],"replies":[{"embeddable":true,"href":"https:\/\/www.sainte-therese-les-cordeliers.fr\/blog-cdi-lp\/wp-json\/wp\/v2\/comments?post=679"}],"version-history":[{"count":8,"href":"https:\/\/www.sainte-therese-les-cordeliers.fr\/blog-cdi-lp\/wp-json\/wp\/v2\/posts\/679\/revisions"}],"predecessor-version":[{"id":709,"href":"https:\/\/www.sainte-therese-les-cordeliers.fr\/blog-cdi-lp\/wp-json\/wp\/v2\/posts\/679\/revisions\/709"}],"wp:attachment":[{"href":"https:\/\/www.sainte-therese-les-cordeliers.fr\/blog-cdi-lp\/wp-json\/wp\/v2\/media?parent=679"}],"wp:term":[{"taxonomy":"category","embeddable":true,"href":"https:\/\/www.sainte-therese-les-cordeliers.fr\/blog-cdi-lp\/wp-json\/wp\/v2\/categories?post=679"},{"taxonomy":"post_tag","embeddable":true,"href":"https:\/\/www.sainte-therese-les-cordeliers.fr\/blog-cdi-lp\/wp-json\/wp\/v2\/tags?post=679"}],"curies":[{"name":"wp","href":"https:\/\/api.w.org\/{rel}","templated":true}]}}