{"id":690,"date":"2015-10-22T11:23:29","date_gmt":"2015-10-22T10:23:29","guid":{"rendered":"https:\/\/www.sainte-therese-les-cordeliers.fr\/blog-cdi-lp\/?p=690"},"modified":"2015-10-22T11:23:29","modified_gmt":"2015-10-22T10:23:29","slug":"les-1eres-a-s-s-p-et-le-cross-du-college","status":"publish","type":"post","link":"https:\/\/www.sainte-therese-les-cordeliers.fr\/blog-cdi-lp\/les-1eres-a-s-s-p-et-le-cross-du-college\/","title":{"rendered":"Les 1\u00e8res A.S.S.P. et le cross du coll\u00e8ge"},"content":{"rendered":"<p style=\"text-align: center\">Le vendredi 16 octobre 2015, les classes de CM2 et les coll\u00e9giens de Sainte-Th\u00e9r\u00e8se les Cordeliers ont particip\u00e9 au cross annuel de l\u2019\u00e9tablissement.<\/p>\n<p><a href=\"https:\/\/www.sainte-therese-les-cordeliers.fr\/blog-cdi-lp\/wp-content\/uploads\/sites\/3\/2015\/10\/IMG_6447.jpg\"><img decoding=\"async\" class=\"alignnone  wp-image-691\" src=\"https:\/\/www.sainte-therese-les-cordeliers.fr\/blog-cdi-lp\/wp-content\/uploads\/sites\/3\/2015\/10\/IMG_6447-300x225.jpg\" alt=\"IMG_6447\" width=\"152\" height=\"114\" srcset=\"https:\/\/www.sainte-therese-les-cordeliers.fr\/blog-cdi-lp\/wp-content\/uploads\/sites\/3\/2015\/10\/IMG_6447-300x225.jpg 300w, https:\/\/www.sainte-therese-les-cordeliers.fr\/blog-cdi-lp\/wp-content\/uploads\/sites\/3\/2015\/10\/IMG_6447-800x600.jpg 800w\" sizes=\"(max-width: 152px) 100vw, 152px\" \/><\/a> <a href=\"https:\/\/www.sainte-therese-les-cordeliers.fr\/blog-cdi-lp\/wp-content\/uploads\/sites\/3\/2015\/10\/Capture2.jpg\"><img decoding=\"async\" class=\"alignnone  wp-image-692\" src=\"https:\/\/www.sainte-therese-les-cordeliers.fr\/blog-cdi-lp\/wp-content\/uploads\/sites\/3\/2015\/10\/Capture2-300x155.jpg\" alt=\"Capture\" width=\"221\" height=\"114\" srcset=\"https:\/\/www.sainte-therese-les-cordeliers.fr\/blog-cdi-lp\/wp-content\/uploads\/sites\/3\/2015\/10\/Capture2-300x155.jpg 300w, https:\/\/www.sainte-therese-les-cordeliers.fr\/blog-cdi-lp\/wp-content\/uploads\/sites\/3\/2015\/10\/Capture2-800x414.jpg 800w, https:\/\/www.sainte-therese-les-cordeliers.fr\/blog-cdi-lp\/wp-content\/uploads\/sites\/3\/2015\/10\/Capture2.jpg 1086w\" sizes=\"(max-width: 221px) 100vw, 221px\" \/><\/a> <a href=\"https:\/\/www.sainte-therese-les-cordeliers.fr\/blog-cdi-lp\/wp-content\/uploads\/sites\/3\/2015\/10\/IMG_6450.jpg\"><img decoding=\"async\" class=\"alignnone  wp-image-693\" src=\"https:\/\/www.sainte-therese-les-cordeliers.fr\/blog-cdi-lp\/wp-content\/uploads\/sites\/3\/2015\/10\/IMG_6450-300x196.jpg\" alt=\"IMG_6450\" width=\"175\" height=\"114\" srcset=\"https:\/\/www.sainte-therese-les-cordeliers.fr\/blog-cdi-lp\/wp-content\/uploads\/sites\/3\/2015\/10\/IMG_6450-300x196.jpg 300w, https:\/\/www.sainte-therese-les-cordeliers.fr\/blog-cdi-lp\/wp-content\/uploads\/sites\/3\/2015\/10\/IMG_6450-800x524.jpg 800w\" sizes=\"(max-width: 175px) 100vw, 175px\" \/><\/a><\/p>\n<p>Comme lors des derni\u00e8res \u00e9ditions, les <span style=\"color: #ff00ff\">lyc\u00e9ennes de 1<sup>\u00e8re<\/sup> A.S.S.P<\/span>. ont r\u00e9pondu pr\u00e9sentes pour aider les enseignants en assurant diff\u00e9rentes responsabilit\u00e9s, accueil des coureurs, distribution de nourriture et boisson\u2026 Tout s\u2019est pass\u00e9 parfaitement, notamment gr\u00e2ce \u00e0 leur engagement et leur disponibilit\u00e9. Merci \u00e0 elles\u00a0!!! \ud83d\ude09<\/p>\n<p>Cette matin\u00e9e sportive et festive s\u2019est termin\u00e9e par un moment convivial autour d\u2019un chocolat chaud et la perspective de vacances bien m\u00e9rit\u00e9es\u00a0!<\/p>\n","protected":false},"excerpt":{"rendered":"<p>Le vendredi 16 octobre 2015, les classes de CM2 et les coll\u00e9giens de Sainte-Th\u00e9r\u00e8se les Cordeliers ont particip\u00e9 au cross annuel de l\u2019\u00e9tablissement. Comme lors des derni\u00e8res \u00e9ditions, les lyc\u00e9ennes de 1\u00e8re A.S.S.P. ont r\u00e9pondu pr\u00e9sentes pour aider les enseignants en assurant diff\u00e9rentes responsabilit\u00e9s, accueil des coureurs, distribution de nourriture et boisson\u2026 Tout s\u2019est pass\u00e9 <a href=\"https:\/\/www.sainte-therese-les-cordeliers.fr\/blog-cdi-lp\/les-1eres-a-s-s-p-et-le-cross-du-college\/\"> [&#8230;]<\/a><\/p>\n","protected":false},"author":3,"featured_media":0,"comment_status":"closed","ping_status":"closed","sticky":false,"template":"","format":"standard","meta":{"om_disable_all_campaigns":false,"footnotes":""},"categories":[20,4],"tags":[29,13],"class_list":["post-690","post","type-post","status-publish","format-standard","hentry","category-animation","category-sport-2","tag-bac-assp","tag-sport"],"aioseo_notices":[],"_links":{"self":[{"href":"https:\/\/www.sainte-therese-les-cordeliers.fr\/blog-cdi-lp\/wp-json\/wp\/v2\/posts\/690","targetHints":{"allow":["GET"]}}],"collection":[{"href":"https:\/\/www.sainte-therese-les-cordeliers.fr\/blog-cdi-lp\/wp-json\/wp\/v2\/posts"}],"about":[{"href":"https:\/\/www.sainte-therese-les-cordeliers.fr\/blog-cdi-lp\/wp-json\/wp\/v2\/types\/post"}],"author":[{"embeddable":true,"href":"https:\/\/www.sainte-therese-les-cordeliers.fr\/blog-cdi-lp\/wp-json\/wp\/v2\/users\/3"}],"replies":[{"embeddable":true,"href":"https:\/\/www.sainte-therese-les-cordeliers.fr\/blog-cdi-lp\/wp-json\/wp\/v2\/comments?post=690"}],"version-history":[{"count":2,"href":"https:\/\/www.sainte-therese-les-cordeliers.fr\/blog-cdi-lp\/wp-json\/wp\/v2\/posts\/690\/revisions"}],"predecessor-version":[{"id":695,"href":"https:\/\/www.sainte-therese-les-cordeliers.fr\/blog-cdi-lp\/wp-json\/wp\/v2\/posts\/690\/revisions\/695"}],"wp:attachment":[{"href":"https:\/\/www.sainte-therese-les-cordeliers.fr\/blog-cdi-lp\/wp-json\/wp\/v2\/media?parent=690"}],"wp:term":[{"taxonomy":"category","embeddable":true,"href":"https:\/\/www.sainte-therese-les-cordeliers.fr\/blog-cdi-lp\/wp-json\/wp\/v2\/categories?post=690"},{"taxonomy":"post_tag","embeddable":true,"href":"https:\/\/www.sainte-therese-les-cordeliers.fr\/blog-cdi-lp\/wp-json\/wp\/v2\/tags?post=690"}],"curies":[{"name":"wp","href":"https:\/\/api.w.org\/{rel}","templated":true}]}}