{"id":741,"date":"2015-11-27T16:20:13","date_gmt":"2015-11-27T15:20:13","guid":{"rendered":"https:\/\/www.sainte-therese-les-cordeliers.fr\/blog-cdi-lp\/?p=741"},"modified":"2015-11-27T16:36:17","modified_gmt":"2015-11-27T15:36:17","slug":"section-euro-le-plaisir-de-retrouver-les-anciens","status":"publish","type":"post","link":"https:\/\/www.sainte-therese-les-cordeliers.fr\/blog-cdi-lp\/section-euro-le-plaisir-de-retrouver-les-anciens\/","title":{"rendered":"\u00ab Section Euro \u00bb : le plaisir de retrouver les \u00ab anciens \u00bb"},"content":{"rendered":"<p>En marge du Forum consacr\u00e9 \u00e0 l\u2019orientation professionnelle qui a eu lieu vendredi 13 novembre, nous avons eu le plaisir de retrouver certains de nos anciens \u00e9l\u00e8ves de la \u00ab\u00a0section euro\u00a0\u00bb venus prodiguer leurs conseils aux actuelles terminales de notre \u00e9tablissement. Ils avaient en leur temps effectu\u00e9 un stage en entreprise \u00e0 Edimbourg et ont pu t\u00e9moigner de leur exp\u00e9rience\u00a0:<\/p>\n<p><a href=\"https:\/\/www.sainte-therese-les-cordeliers.fr\/blog-cdi-lp\/wp-content\/uploads\/sites\/3\/2015\/11\/blog-Capture.jpg\"><img decoding=\"async\" class=\"wp-image-748 aligncenter\" src=\"https:\/\/www.sainte-therese-les-cordeliers.fr\/blog-cdi-lp\/wp-content\/uploads\/sites\/3\/2015\/11\/blog-Capture-300x265.jpg\" alt=\"blog Capture\" width=\"265\" height=\"234\" srcset=\"https:\/\/www.sainte-therese-les-cordeliers.fr\/blog-cdi-lp\/wp-content\/uploads\/sites\/3\/2015\/11\/blog-Capture-300x265.jpg 300w, https:\/\/www.sainte-therese-les-cordeliers.fr\/blog-cdi-lp\/wp-content\/uploads\/sites\/3\/2015\/11\/blog-Capture.jpg 675w\" sizes=\"(max-width: 265px) 100vw, 265px\" \/><\/a><\/p>\n<p><strong><em>Fanny Di L\u00e9onardo<\/em><\/strong> (a obtenu son BTS MUC (Brevet de technicien sup\u00e9rieur en Management des unit\u00e9s commerciales) en alternance)<\/p>\n<p><em>\u00ab\u00a0J\u2019ai eu la chance de participer \u00e0 l\u2019aventure \u00ab\u00a0Section Euro\u00a0\u00bb 2013 et j\u2019en garde un excellent souvenir. Ce voyage nous a permis de d\u00e9couvrir un autre pays, une autre culture mais aussi d\u2019\u00e9voluer personnellement et professionnellement. <\/em><\/p>\n<p><em>Cette opportunit\u00e9 est unique et \u00e0 la port\u00e9e de chacun. Il suffit d\u2019\u00eatre motiv\u00e9e et d\u2019avoir envie de d\u00e9couvrir d\u2019autres horizons pour pouvoir profiter pleinement du s\u00e9jour.<\/em><\/p>\n<p><em>Avec le recul, je me suis rendue compte que cette aventure a \u00e9t\u00e9 un v\u00e9ritable tremplin pour la validation d\u2019entretiens d\u2019embauche. Je recommande la section professionnelle au plus grand nombre\u00a0!\u00a0\u00bb \ud83d\ude00\u00a0<\/em><\/p>\n<p><em>\u00a0<\/em><\/p>\n<p><strong><em>Lucas Forestier<\/em><\/strong> (BTS MUC)<\/p>\n<p><em>\u00ab\u00a0Ce voyage a \u00e9t\u00e9 une exp\u00e9rience unique\u00a0; il m\u2019a permis de d\u00e9couvrir un tr\u00e8s beau pays, l\u2019Ecosse. Ce fut une d\u00e9couverte professionnelle tr\u00e8s enrichissante, tr\u00e8s bien encadr\u00e9 par une super \u00e9quipe de travail. <\/em><\/p>\n<p><em>Gr\u00e2ce \u00e0 la \u00ab\u00a0Section Euro\u00a0\u00bb j\u2018ai largement progress\u00e9 en anglais et cela m\u2019a permis de r\u00e9aliser une exp\u00e9rience professionnelle \u00e0 l\u2019\u00e9tranger qui est tr\u00e8s valorisante.\u00a0\u00bb \ud83d\ude0e\u00a0<\/em><!--more--><\/p>\n<p>&nbsp;<\/p>\n<p><strong><em>J\u00e9r\u00e9my Battut<\/em><\/strong> (BTS MUC)<\/p>\n<p><em>\u00ab\u00a0Le voyage en Ecosse a \u00e9t\u00e9 une d\u00e9couverte pour nous\u00a0; on a visit\u00e9 la ville, d\u00e9couvert la culture et les traditions locales. Le stage a \u00e9t\u00e9 riche en apprentissage de la langue et en \u00e9motion. Nous avons fait de nombreuses rencontres. Cela m\u2019a permis de bien progresser en anglais\u00a0et d\u2019\u00eatre confront\u00e9 \u00e0 une mentalit\u00e9 diff\u00e9rente.<\/em><\/p>\n<p><em>Ce voyage restera un bon souvenir pour ma part\u00a0!\u00a0\u00bb<\/em><\/p>\n<p><a href=\"https:\/\/www.sainte-therese-les-cordeliers.fr\/blog-cdi-lp\/wp-content\/uploads\/sites\/3\/2015\/11\/blog-Capture-mathias.jpg\"><img decoding=\"async\" class=\"wp-image-750 aligncenter\" src=\"https:\/\/www.sainte-therese-les-cordeliers.fr\/blog-cdi-lp\/wp-content\/uploads\/sites\/3\/2015\/11\/blog-Capture-mathias-300x223.jpg\" alt=\"blog Capture mathias\" width=\"235\" height=\"175\" srcset=\"https:\/\/www.sainte-therese-les-cordeliers.fr\/blog-cdi-lp\/wp-content\/uploads\/sites\/3\/2015\/11\/blog-Capture-mathias-300x223.jpg 300w, https:\/\/www.sainte-therese-les-cordeliers.fr\/blog-cdi-lp\/wp-content\/uploads\/sites\/3\/2015\/11\/blog-Capture-mathias.jpg 651w\" sizes=\"(max-width: 235px) 100vw, 235px\" \/><\/a><\/p>\n<p><strong><em>Matthias Lima (<\/em><\/strong>BTS MUC)<\/p>\n<p><em>\u00ab\u00a0La \u00ab Section Euro \u00bb est un vrai plus \u00e0 la fois personnel et professionnel car on se retrouve dans un environnement totalement diff\u00e9rent, avec une nouvelle langue et de nouvelles habitudes. Dans un premier temps, l\u2019adaptation semble difficile, mais il ne faut pas avoir peur de l\u2019inconnu, c\u2019est une exp\u00e9rience unique. Il faut parfois prendre des risques pour s\u2019\u00e9panouir\u00a0!\u00a0\u00bb <\/em><\/p>\n<p>&nbsp;<\/p>\n<p><strong><em>R\u00e9my Auroy<\/em><\/strong> (IUT communication)<\/p>\n<p><em>\u00ab\u00a0Mon stage en Ecosse m\u2019a apport\u00e9 une exp\u00e9rience unique. On est plong\u00e9 dans une ambiance compl\u00e8tement diff\u00e9rente, c\u2019est vraiment quelque chose \u00e0 faire\u00a0; je le recommande \u00e0 tous ceux qui en ont l\u2019opportunit\u00e9. C\u2019est l\u2019occasion de conna\u00eetre du monde \u00e0 l\u2019ext\u00e9rieur de la France et c\u2019est aussi tr\u00e8s int\u00e9ressant si on veut progresser dans la langue locale. J\u2019en garde un excellent souvenir\u00a0!!\u00a0\u00bb<\/em><\/p>\n","protected":false},"excerpt":{"rendered":"<p>En marge du Forum consacr\u00e9 \u00e0 l\u2019orientation professionnelle qui a eu lieu vendredi 13 novembre, nous avons eu le plaisir de retrouver certains de nos anciens \u00e9l\u00e8ves de la \u00ab\u00a0section euro\u00a0\u00bb venus prodiguer leurs conseils aux actuelles terminales de notre \u00e9tablissement. Ils avaient en leur temps effectu\u00e9 un stage en entreprise \u00e0 Edimbourg et ont <a href=\"https:\/\/www.sainte-therese-les-cordeliers.fr\/blog-cdi-lp\/section-euro-le-plaisir-de-retrouver-les-anciens\/\"> [&#8230;]<\/a><\/p>\n","protected":false},"author":3,"featured_media":0,"comment_status":"closed","ping_status":"closed","sticky":false,"template":"","format":"standard","meta":{"om_disable_all_campaigns":false,"footnotes":""},"categories":[37,23,5],"tags":[35],"class_list":["post-741","post","type-post","status-publish","format-standard","hentry","category-commerce","category-section-euro","category-voyages","tag-bac-pro-commerce"],"aioseo_notices":[],"_links":{"self":[{"href":"https:\/\/www.sainte-therese-les-cordeliers.fr\/blog-cdi-lp\/wp-json\/wp\/v2\/posts\/741","targetHints":{"allow":["GET"]}}],"collection":[{"href":"https:\/\/www.sainte-therese-les-cordeliers.fr\/blog-cdi-lp\/wp-json\/wp\/v2\/posts"}],"about":[{"href":"https:\/\/www.sainte-therese-les-cordeliers.fr\/blog-cdi-lp\/wp-json\/wp\/v2\/types\/post"}],"author":[{"embeddable":true,"href":"https:\/\/www.sainte-therese-les-cordeliers.fr\/blog-cdi-lp\/wp-json\/wp\/v2\/users\/3"}],"replies":[{"embeddable":true,"href":"https:\/\/www.sainte-therese-les-cordeliers.fr\/blog-cdi-lp\/wp-json\/wp\/v2\/comments?post=741"}],"version-history":[{"count":4,"href":"https:\/\/www.sainte-therese-les-cordeliers.fr\/blog-cdi-lp\/wp-json\/wp\/v2\/posts\/741\/revisions"}],"predecessor-version":[{"id":751,"href":"https:\/\/www.sainte-therese-les-cordeliers.fr\/blog-cdi-lp\/wp-json\/wp\/v2\/posts\/741\/revisions\/751"}],"wp:attachment":[{"href":"https:\/\/www.sainte-therese-les-cordeliers.fr\/blog-cdi-lp\/wp-json\/wp\/v2\/media?parent=741"}],"wp:term":[{"taxonomy":"category","embeddable":true,"href":"https:\/\/www.sainte-therese-les-cordeliers.fr\/blog-cdi-lp\/wp-json\/wp\/v2\/categories?post=741"},{"taxonomy":"post_tag","embeddable":true,"href":"https:\/\/www.sainte-therese-les-cordeliers.fr\/blog-cdi-lp\/wp-json\/wp\/v2\/tags?post=741"}],"curies":[{"name":"wp","href":"https:\/\/api.w.org\/{rel}","templated":true}]}}