{"id":765,"date":"2015-12-03T15:19:06","date_gmt":"2015-12-03T14:19:06","guid":{"rendered":"https:\/\/www.sainte-therese-les-cordeliers.fr\/blog-cdi-lp\/?p=765"},"modified":"2016-01-12T10:46:51","modified_gmt":"2016-01-12T09:46:51","slug":"les-voyages-forment-la-jeunesse","status":"publish","type":"post","link":"https:\/\/www.sainte-therese-les-cordeliers.fr\/blog-cdi-lp\/les-voyages-forment-la-jeunesse\/","title":{"rendered":"\u00ab Les voyages forment la jeunesse \u00bb"},"content":{"rendered":"<p><a href=\"https:\/\/www.sainte-therese-les-cordeliers.fr\/blog-cdi-lp\/wp-content\/uploads\/sites\/3\/2015\/12\/1.jpg\"><img decoding=\"async\" class=\"alignleft wp-image-766\" src=\"https:\/\/www.sainte-therese-les-cordeliers.fr\/blog-cdi-lp\/wp-content\/uploads\/sites\/3\/2015\/12\/1-300x219.jpg\" alt=\"1\" width=\"97\" height=\"71\" srcset=\"https:\/\/www.sainte-therese-les-cordeliers.fr\/blog-cdi-lp\/wp-content\/uploads\/sites\/3\/2015\/12\/1-300x219.jpg 300w, https:\/\/www.sainte-therese-les-cordeliers.fr\/blog-cdi-lp\/wp-content\/uploads\/sites\/3\/2015\/12\/1.jpg 333w\" sizes=\"(max-width: 97px) 100vw, 97px\" \/><\/a><a href=\"https:\/\/www.sainte-therese-les-cordeliers.fr\/blog-cdi-lp\/wp-content\/uploads\/sites\/3\/2015\/12\/2.png\"><img decoding=\"async\" class=\"aligncenter wp-image-767\" src=\"https:\/\/www.sainte-therese-les-cordeliers.fr\/blog-cdi-lp\/wp-content\/uploads\/sites\/3\/2015\/12\/2-209x300.png\" alt=\"2\" width=\"156\" height=\"224\" srcset=\"https:\/\/www.sainte-therese-les-cordeliers.fr\/blog-cdi-lp\/wp-content\/uploads\/sites\/3\/2015\/12\/2-209x300.png 209w, https:\/\/www.sainte-therese-les-cordeliers.fr\/blog-cdi-lp\/wp-content\/uploads\/sites\/3\/2015\/12\/2-559x800.png 559w, https:\/\/www.sainte-therese-les-cordeliers.fr\/blog-cdi-lp\/wp-content\/uploads\/sites\/3\/2015\/12\/2.png 576w\" sizes=\"(max-width: 156px) 100vw, 156px\" \/><\/a><\/p>\n<p>Vendredi 13 novembre, les classes de 1<sup>\u00e8re<\/sup> et 2<sup>\u00e8me<\/sup> ann\u00e9e de CAP ATMFC se sont rendues au Polyd\u00f4me pour admirer l\u2019exposition<strong> \u00ab\u00a0le Rendez-vous du Carnet de Voyage\u00a0\u00bb. <\/strong>Les th\u00e8mes de cette ann\u00e9e\u00a0\u00e9taient \u00ab\u00a0les routes mythiques et les voyages en train\u00a0\u00bb.<\/p>\n<p>Certains artistes pr\u00e9sentent un pays, d\u2019autres des faits de soci\u00e9t\u00e9, par le biais de dessins, peintures, bandes dessin\u00e9es ou \u00e9critures diverses telles que les carnets num\u00e9riques et sonores.<\/p>\n<p>Lors de cette manifestation, c\u2019est le voyage en tant qu\u2019exp\u00e9rience humaine qui est au c\u0153ur des d\u00e9bats, celui qui permet la rencontre, dans le respect des cultures et des diff\u00e9rences.\u00a0\u00a0\u00a0\u00a0\u00a0\u00a0\u00a0\u00a0\u00a0\u00a0\u00a0\u00a0\u00a0\u00a0\u00a0\u00a0\u00a0\u00a0\u00a0\u00a0\u00a0\u00a0\u00a0\u00a0\u00a0\u00a0\u00a0\u00a0\u00a0\u00a0\u00a0\u00a0\u00a0\u00a0\u00a0\u00a0\u00a0\u00a0\u00a0\u00a0\u00a0\u00a0\u00a0\u00a0\u00a0\u00a0\u00a0\u00a0 <a href=\"https:\/\/www.sainte-therese-les-cordeliers.fr\/blog-cdi-lp\/wp-content\/uploads\/sites\/3\/2015\/12\/3.jpg\"><img decoding=\"async\" class=\"aligncenter wp-image-768\" src=\"https:\/\/www.sainte-therese-les-cordeliers.fr\/blog-cdi-lp\/wp-content\/uploads\/sites\/3\/2015\/12\/3-300x163.jpg\" alt=\"3\" width=\"267\" height=\"145\" srcset=\"https:\/\/www.sainte-therese-les-cordeliers.fr\/blog-cdi-lp\/wp-content\/uploads\/sites\/3\/2015\/12\/3-300x163.jpg 300w, https:\/\/www.sainte-therese-les-cordeliers.fr\/blog-cdi-lp\/wp-content\/uploads\/sites\/3\/2015\/12\/3.jpg 625w\" sizes=\"(max-width: 267px) 100vw, 267px\" \/><\/a><\/p>\n<p>Rapha\u00ebl Maze (professeur d\u2019arts appliqu\u00e9s)\u00a0: \u00ab\u00a0Une travers\u00e9e avec les \u00e9l\u00e8ves dans des r\u00e9gions inconnues, sources de l\u00e9gendes, de mythes, d&rsquo;histoires transmises \u00e0 la main, au pinceau, \u00e0 l&rsquo;aquarelle, \u00e0 l&rsquo;encre. Nous tenterons d&rsquo;ancrer nos r\u00eaveries en \u00e9ditant pour chaque classe une petite \u00e9dition papier \u00e0 propos d&rsquo;un voyage qui a d\u00e9j\u00e0 commenc\u00e9\u00a0\u00bb.<\/p>\n<p>&nbsp;<\/p>\n","protected":false},"excerpt":{"rendered":"<p>Vendredi 13 novembre, les classes de 1\u00e8re et 2\u00e8me ann\u00e9e de CAP ATMFC se sont rendues au Polyd\u00f4me pour admirer l\u2019exposition \u00ab\u00a0le Rendez-vous du Carnet de Voyage\u00a0\u00bb. Les th\u00e8mes de cette ann\u00e9e\u00a0\u00e9taient \u00ab\u00a0les routes mythiques et les voyages en train\u00a0\u00bb. Certains artistes pr\u00e9sentent un pays, d\u2019autres des faits de soci\u00e9t\u00e9, par le biais de dessins, <a href=\"https:\/\/www.sainte-therese-les-cordeliers.fr\/blog-cdi-lp\/les-voyages-forment-la-jeunesse\/\"> [&#8230;]<\/a><\/p>\n","protected":false},"author":3,"featured_media":0,"comment_status":"closed","ping_status":"closed","sticky":false,"template":"","format":"standard","meta":{"om_disable_all_campaigns":false,"footnotes":""},"categories":[32,2,5],"tags":[7],"class_list":["post-765","post","type-post","status-publish","format-standard","hentry","category-art","category-bandes-dessinees","category-voyages","tag-cap-atmfc"],"aioseo_notices":[],"_links":{"self":[{"href":"https:\/\/www.sainte-therese-les-cordeliers.fr\/blog-cdi-lp\/wp-json\/wp\/v2\/posts\/765","targetHints":{"allow":["GET"]}}],"collection":[{"href":"https:\/\/www.sainte-therese-les-cordeliers.fr\/blog-cdi-lp\/wp-json\/wp\/v2\/posts"}],"about":[{"href":"https:\/\/www.sainte-therese-les-cordeliers.fr\/blog-cdi-lp\/wp-json\/wp\/v2\/types\/post"}],"author":[{"embeddable":true,"href":"https:\/\/www.sainte-therese-les-cordeliers.fr\/blog-cdi-lp\/wp-json\/wp\/v2\/users\/3"}],"replies":[{"embeddable":true,"href":"https:\/\/www.sainte-therese-les-cordeliers.fr\/blog-cdi-lp\/wp-json\/wp\/v2\/comments?post=765"}],"version-history":[{"count":8,"href":"https:\/\/www.sainte-therese-les-cordeliers.fr\/blog-cdi-lp\/wp-json\/wp\/v2\/posts\/765\/revisions"}],"predecessor-version":[{"id":832,"href":"https:\/\/www.sainte-therese-les-cordeliers.fr\/blog-cdi-lp\/wp-json\/wp\/v2\/posts\/765\/revisions\/832"}],"wp:attachment":[{"href":"https:\/\/www.sainte-therese-les-cordeliers.fr\/blog-cdi-lp\/wp-json\/wp\/v2\/media?parent=765"}],"wp:term":[{"taxonomy":"category","embeddable":true,"href":"https:\/\/www.sainte-therese-les-cordeliers.fr\/blog-cdi-lp\/wp-json\/wp\/v2\/categories?post=765"},{"taxonomy":"post_tag","embeddable":true,"href":"https:\/\/www.sainte-therese-les-cordeliers.fr\/blog-cdi-lp\/wp-json\/wp\/v2\/tags?post=765"}],"curies":[{"name":"wp","href":"https:\/\/api.w.org\/{rel}","templated":true}]}}