{"id":774,"date":"2015-12-14T16:38:26","date_gmt":"2015-12-14T15:38:26","guid":{"rendered":"https:\/\/www.sainte-therese-les-cordeliers.fr\/blog-cdi-lp\/?p=774"},"modified":"2016-01-12T10:38:20","modified_gmt":"2016-01-12T09:38:20","slug":"un-repas-convivial","status":"publish","type":"post","link":"https:\/\/www.sainte-therese-les-cordeliers.fr\/blog-cdi-lp\/un-repas-convivial\/","title":{"rendered":"Un repas convivial"},"content":{"rendered":"<p>Le mardi 24 novembre, nous avons eu le plaisir d\u2019accueillir dans nos locaux quatre r\u00e9sidents du foyer d\u2019accueil pour adultes handicap\u00e9s Roger Br\u00e9chard, accompagn\u00e9s par deux animateurs. Nous avions pr\u00e9par\u00e9 deux ateliers culinaires\u00a0; Patricia et Michelle ont particip\u00e9 \u00e0 la fabrication de croissants feuillet\u00e9s et de brochettes ap\u00e9ritives. Thierry et Bernard ont confectionn\u00e9 des samoussas.<\/p>\n<p>Nous avons partag\u00e9 le repas tous ensemble avec les enseignants de la section. Le dessert avait \u00e9t\u00e9 r\u00e9alis\u00e9 la veille par les r\u00e9sidents.<\/p>\n<p><a href=\"https:\/\/www.sainte-therese-les-cordeliers.fr\/blog-cdi-lp\/wp-content\/uploads\/sites\/3\/2015\/12\/PicMonkey-Collage-Copie.jpg\"><img decoding=\"async\" class=\"aligncenter wp-image-775 size-medium\" src=\"https:\/\/www.sainte-therese-les-cordeliers.fr\/blog-cdi-lp\/wp-content\/uploads\/sites\/3\/2015\/12\/PicMonkey-Collage-Copie-300x300.jpg\" alt=\"PicMonkey Collage - Copie\" width=\"300\" height=\"300\" srcset=\"https:\/\/www.sainte-therese-les-cordeliers.fr\/blog-cdi-lp\/wp-content\/uploads\/sites\/3\/2015\/12\/PicMonkey-Collage-Copie-150x150.jpg 150w, https:\/\/www.sainte-therese-les-cordeliers.fr\/blog-cdi-lp\/wp-content\/uploads\/sites\/3\/2015\/12\/PicMonkey-Collage-Copie-300x300.jpg 300w, https:\/\/www.sainte-therese-les-cordeliers.fr\/blog-cdi-lp\/wp-content\/uploads\/sites\/3\/2015\/12\/PicMonkey-Collage-Copie-768x768.jpg 768w, https:\/\/www.sainte-therese-les-cordeliers.fr\/blog-cdi-lp\/wp-content\/uploads\/sites\/3\/2015\/12\/PicMonkey-Collage-Copie-800x800.jpg 800w\" sizes=\"(max-width: 300px) 100vw, 300px\" \/><\/a><\/p>\n<p>Pour nous, \u00e9l\u00e8ves de MCAD, ce moment fut riche en \u00e9change et d\u00e9couverte. Nous avons fix\u00e9 un deuxi\u00e8me rendez-vous mi-f\u00e9vrier.<\/p>\n<p>Un grand merci \u00e0 Patricia, Michelle, Thierry et Bernard pour leur sympathie, leur gentillesse et leur sourire.<\/p>\n<p style=\"text-align: center\">\u00a0\u00a0\u00a0\u00a0\u00a0\u00a0\u00a0\u00a0\u00a0\u00a0\u00a0\u00a0\u00a0\u00a0\u00a0\u00a0\u00a0\u00a0 \u00a0 \u00a0 \u00a0 \u00a0 \u00a0\u00a0 Les 5 \u00e9l\u00e8ves de MCAD, Manon, Souondati, No\u00e9mie, Elise et Laurine<\/p>\n<p>&nbsp;<\/p>\n","protected":false},"excerpt":{"rendered":"<p>Le mardi 24 novembre, nous avons eu le plaisir d\u2019accueillir dans nos locaux quatre r\u00e9sidents du foyer d\u2019accueil pour adultes handicap\u00e9s Roger Br\u00e9chard, accompagn\u00e9s par deux animateurs. Nous avions pr\u00e9par\u00e9 deux ateliers culinaires\u00a0; Patricia et Michelle ont particip\u00e9 \u00e0 la fabrication de croissants feuillet\u00e9s et de brochettes ap\u00e9ritives. Thierry et Bernard ont confectionn\u00e9 des samoussas. <a href=\"https:\/\/www.sainte-therese-les-cordeliers.fr\/blog-cdi-lp\/un-repas-convivial\/\"> [&#8230;]<\/a><\/p>\n","protected":false},"author":3,"featured_media":0,"comment_status":"closed","ping_status":"closed","sticky":false,"template":"","format":"standard","meta":{"om_disable_all_campaigns":false,"footnotes":""},"categories":[20],"tags":[8,18],"class_list":["post-774","post","type-post","status-publish","format-standard","hentry","category-animation","tag-cuisine","tag-mcad"],"aioseo_notices":[],"_links":{"self":[{"href":"https:\/\/www.sainte-therese-les-cordeliers.fr\/blog-cdi-lp\/wp-json\/wp\/v2\/posts\/774","targetHints":{"allow":["GET"]}}],"collection":[{"href":"https:\/\/www.sainte-therese-les-cordeliers.fr\/blog-cdi-lp\/wp-json\/wp\/v2\/posts"}],"about":[{"href":"https:\/\/www.sainte-therese-les-cordeliers.fr\/blog-cdi-lp\/wp-json\/wp\/v2\/types\/post"}],"author":[{"embeddable":true,"href":"https:\/\/www.sainte-therese-les-cordeliers.fr\/blog-cdi-lp\/wp-json\/wp\/v2\/users\/3"}],"replies":[{"embeddable":true,"href":"https:\/\/www.sainte-therese-les-cordeliers.fr\/blog-cdi-lp\/wp-json\/wp\/v2\/comments?post=774"}],"version-history":[{"count":5,"href":"https:\/\/www.sainte-therese-les-cordeliers.fr\/blog-cdi-lp\/wp-json\/wp\/v2\/posts\/774\/revisions"}],"predecessor-version":[{"id":831,"href":"https:\/\/www.sainte-therese-les-cordeliers.fr\/blog-cdi-lp\/wp-json\/wp\/v2\/posts\/774\/revisions\/831"}],"wp:attachment":[{"href":"https:\/\/www.sainte-therese-les-cordeliers.fr\/blog-cdi-lp\/wp-json\/wp\/v2\/media?parent=774"}],"wp:term":[{"taxonomy":"category","embeddable":true,"href":"https:\/\/www.sainte-therese-les-cordeliers.fr\/blog-cdi-lp\/wp-json\/wp\/v2\/categories?post=774"},{"taxonomy":"post_tag","embeddable":true,"href":"https:\/\/www.sainte-therese-les-cordeliers.fr\/blog-cdi-lp\/wp-json\/wp\/v2\/tags?post=774"}],"curies":[{"name":"wp","href":"https:\/\/api.w.org\/{rel}","templated":true}]}}