{"id":783,"date":"2016-01-03T15:11:39","date_gmt":"2016-01-03T14:11:39","guid":{"rendered":"https:\/\/www.sainte-therese-les-cordeliers.fr\/blog-cdi-lp\/?p=783"},"modified":"2016-03-07T10:55:21","modified_gmt":"2016-03-07T09:55:21","slug":"les-lyceens-se-mobilisent-pour-le-marche-de-noel","status":"publish","type":"post","link":"https:\/\/www.sainte-therese-les-cordeliers.fr\/blog-cdi-lp\/les-lyceens-se-mobilisent-pour-le-marche-de-noel\/","title":{"rendered":"Les lyc\u00e9ens se mobilisent pour le march\u00e9 de No\u00ebl !"},"content":{"rendered":"<p style=\"text-align: center\">\u00a0<a href=\"https:\/\/www.sainte-therese-les-cordeliers.fr\/blog-cdi-lp\/wp-content\/uploads\/sites\/3\/2016\/01\/noel-2.jpg\"><img decoding=\"async\" class=\"alignnone wp-image-784\" src=\"https:\/\/www.sainte-therese-les-cordeliers.fr\/blog-cdi-lp\/wp-content\/uploads\/sites\/3\/2016\/01\/noel-2-248x300.jpg\" alt=\"noel 2\" width=\"176\" height=\"213\" srcset=\"https:\/\/www.sainte-therese-les-cordeliers.fr\/blog-cdi-lp\/wp-content\/uploads\/sites\/3\/2016\/01\/noel-2-248x300.jpg 248w, https:\/\/www.sainte-therese-les-cordeliers.fr\/blog-cdi-lp\/wp-content\/uploads\/sites\/3\/2016\/01\/noel-2-661x800.jpg 661w, https:\/\/www.sainte-therese-les-cordeliers.fr\/blog-cdi-lp\/wp-content\/uploads\/sites\/3\/2016\/01\/noel-2-768x930.jpg 768w, https:\/\/www.sainte-therese-les-cordeliers.fr\/blog-cdi-lp\/wp-content\/uploads\/sites\/3\/2016\/01\/noel-2.jpg 968w\" sizes=\"(max-width: 176px) 100vw, 176px\" \/><\/a>\u00a0 \u00a0\u00a0 \u00a0\u00a0\u00a0\u00a0\u00a0\u00a0\u00a0\u00a0\u00a0\u00a0\u00a0\u00a0\u00a0\u00a0\u00a0\u00a0\u00a0 <a href=\"https:\/\/www.sainte-therese-les-cordeliers.fr\/blog-cdi-lp\/wp-content\/uploads\/sites\/3\/2016\/01\/nOEL.jpg\"><img decoding=\"async\" class=\"alignnone wp-image-785\" src=\"https:\/\/www.sainte-therese-les-cordeliers.fr\/blog-cdi-lp\/wp-content\/uploads\/sites\/3\/2016\/01\/nOEL-276x300.jpg\" alt=\"nOEL\" width=\"196\" height=\"213\" srcset=\"https:\/\/www.sainte-therese-les-cordeliers.fr\/blog-cdi-lp\/wp-content\/uploads\/sites\/3\/2016\/01\/nOEL-276x300.jpg 276w, https:\/\/www.sainte-therese-les-cordeliers.fr\/blog-cdi-lp\/wp-content\/uploads\/sites\/3\/2016\/01\/nOEL-735x800.jpg 735w, https:\/\/www.sainte-therese-les-cordeliers.fr\/blog-cdi-lp\/wp-content\/uploads\/sites\/3\/2016\/01\/nOEL-768x836.jpg 768w, https:\/\/www.sainte-therese-les-cordeliers.fr\/blog-cdi-lp\/wp-content\/uploads\/sites\/3\/2016\/01\/nOEL.jpg 1024w\" sizes=\"(max-width: 196px) 100vw, 196px\" \/><\/a><\/p>\n<p>Le traditionnel march\u00e9 de No\u00ebl de l\u2019Institution a eu lieu le jeudi 17 d\u00e9cembre et a \u00e9t\u00e9 suivi d\u2019un magnifique spectacle de chants interpr\u00e9t\u00e9s de la plus belle des mani\u00e8res par les \u00e9l\u00e8ves du coll\u00e8ge.<\/p>\n<p><a href=\"https:\/\/www.sainte-therese-les-cordeliers.fr\/blog-cdi-lp\/wp-content\/uploads\/sites\/3\/2016\/01\/DSC05538.jpg\"><img decoding=\"async\" class=\"alignnone wp-image-792\" src=\"https:\/\/www.sainte-therese-les-cordeliers.fr\/blog-cdi-lp\/wp-content\/uploads\/sites\/3\/2016\/01\/DSC05538-300x211.jpg\" alt=\"DSC05538\" width=\"107\" height=\"75\" srcset=\"https:\/\/www.sainte-therese-les-cordeliers.fr\/blog-cdi-lp\/wp-content\/uploads\/sites\/3\/2016\/01\/DSC05538-300x211.jpg 300w, https:\/\/www.sainte-therese-les-cordeliers.fr\/blog-cdi-lp\/wp-content\/uploads\/sites\/3\/2016\/01\/DSC05538-768x539.jpg 768w, https:\/\/www.sainte-therese-les-cordeliers.fr\/blog-cdi-lp\/wp-content\/uploads\/sites\/3\/2016\/01\/DSC05538-800x562.jpg 800w\" sizes=\"(max-width: 107px) 100vw, 107px\" \/><\/a>\u00a0\u00a0 <a href=\"https:\/\/www.sainte-therese-les-cordeliers.fr\/blog-cdi-lp\/wp-content\/uploads\/sites\/3\/2016\/01\/DSC05530.jpg\"><img decoding=\"async\" class=\"alignnone wp-image-807\" src=\"https:\/\/www.sainte-therese-les-cordeliers.fr\/blog-cdi-lp\/wp-content\/uploads\/sites\/3\/2016\/01\/DSC05530-300x225.jpg\" alt=\"DSC05530\" width=\"100\" height=\"75\" srcset=\"https:\/\/www.sainte-therese-les-cordeliers.fr\/blog-cdi-lp\/wp-content\/uploads\/sites\/3\/2016\/01\/DSC05530-300x225.jpg 300w, https:\/\/www.sainte-therese-les-cordeliers.fr\/blog-cdi-lp\/wp-content\/uploads\/sites\/3\/2016\/01\/DSC05530-768x576.jpg 768w, https:\/\/www.sainte-therese-les-cordeliers.fr\/blog-cdi-lp\/wp-content\/uploads\/sites\/3\/2016\/01\/DSC05530-800x600.jpg 800w\" sizes=\"(max-width: 100px) 100vw, 100px\" \/><\/a>\u00a0\u00a0 <a href=\"https:\/\/www.sainte-therese-les-cordeliers.fr\/blog-cdi-lp\/wp-content\/uploads\/sites\/3\/2016\/01\/DSC05531.jpg\"><img decoding=\"async\" class=\"alignnone wp-image-808\" src=\"https:\/\/www.sainte-therese-les-cordeliers.fr\/blog-cdi-lp\/wp-content\/uploads\/sites\/3\/2016\/01\/DSC05531-300x205.jpg\" alt=\"DSC05531\" width=\"110\" height=\"75\" srcset=\"https:\/\/www.sainte-therese-les-cordeliers.fr\/blog-cdi-lp\/wp-content\/uploads\/sites\/3\/2016\/01\/DSC05531-300x205.jpg 300w, https:\/\/www.sainte-therese-les-cordeliers.fr\/blog-cdi-lp\/wp-content\/uploads\/sites\/3\/2016\/01\/DSC05531-768x525.jpg 768w, https:\/\/www.sainte-therese-les-cordeliers.fr\/blog-cdi-lp\/wp-content\/uploads\/sites\/3\/2016\/01\/DSC05531-800x547.jpg 800w\" sizes=\"(max-width: 110px) 100vw, 110px\" \/><\/a>\u00a0\u00a0 <a href=\"https:\/\/www.sainte-therese-les-cordeliers.fr\/blog-cdi-lp\/wp-content\/uploads\/sites\/3\/2016\/01\/DSC05532.jpg\"><img decoding=\"async\" class=\"alignnone wp-image-809\" src=\"https:\/\/www.sainte-therese-les-cordeliers.fr\/blog-cdi-lp\/wp-content\/uploads\/sites\/3\/2016\/01\/DSC05532-300x225.jpg\" alt=\"DSC05532\" width=\"100\" height=\"75\" srcset=\"https:\/\/www.sainte-therese-les-cordeliers.fr\/blog-cdi-lp\/wp-content\/uploads\/sites\/3\/2016\/01\/DSC05532-300x225.jpg 300w, https:\/\/www.sainte-therese-les-cordeliers.fr\/blog-cdi-lp\/wp-content\/uploads\/sites\/3\/2016\/01\/DSC05532-768x576.jpg 768w, https:\/\/www.sainte-therese-les-cordeliers.fr\/blog-cdi-lp\/wp-content\/uploads\/sites\/3\/2016\/01\/DSC05532-800x600.jpg 800w\" sizes=\"(max-width: 100px) 100vw, 100px\" \/><\/a>\u00a0\u00a0 <a href=\"https:\/\/www.sainte-therese-les-cordeliers.fr\/blog-cdi-lp\/wp-content\/uploads\/sites\/3\/2016\/01\/DSC05533.jpg\"><img decoding=\"async\" class=\"alignnone wp-image-810\" src=\"https:\/\/www.sainte-therese-les-cordeliers.fr\/blog-cdi-lp\/wp-content\/uploads\/sites\/3\/2016\/01\/DSC05533-300x262.jpg\" alt=\"DSC05533\" width=\"85\" height=\"74\" srcset=\"https:\/\/www.sainte-therese-les-cordeliers.fr\/blog-cdi-lp\/wp-content\/uploads\/sites\/3\/2016\/01\/DSC05533-300x262.jpg 300w, https:\/\/www.sainte-therese-les-cordeliers.fr\/blog-cdi-lp\/wp-content\/uploads\/sites\/3\/2016\/01\/DSC05533-768x670.jpg 768w, https:\/\/www.sainte-therese-les-cordeliers.fr\/blog-cdi-lp\/wp-content\/uploads\/sites\/3\/2016\/01\/DSC05533-800x698.jpg 800w\" sizes=\"(max-width: 85px) 100vw, 85px\" \/><\/a><\/p>\n<p>Les lyc\u00e9ens des classes de <span style=\"color: #339966\">3<sup>\u00e8me<\/sup> pr\u00e9pa. pro., de MCAD (Mention Compl\u00e9mentaire Aide \u00e0 Domicile) et de 1<sup>\u00e8re<\/sup> ASSP<\/span> ont grandement contribu\u00e9 \u00e0 la r\u00e9ussite de cet \u00e9v\u00e8nement\u00a0; en effet, les deux premiers cit\u00e9s ont mis en place les diff\u00e9rents stands ainsi que les multiples d\u00e9corations, et les troisi\u00e8mes ont pr\u00e9par\u00e9 avec soin les d\u00e9licieux g\u00e2teaux et autres confiseries.<\/p>\n<p><a href=\"https:\/\/www.sainte-therese-les-cordeliers.fr\/blog-cdi-lp\/wp-content\/uploads\/sites\/3\/2016\/01\/DSC05515.jpg\"><img decoding=\"async\" class=\"alignnone wp-image-793\" src=\"https:\/\/www.sainte-therese-les-cordeliers.fr\/blog-cdi-lp\/wp-content\/uploads\/sites\/3\/2016\/01\/DSC05515-225x300.jpg\" alt=\"DSC05515\" width=\"53\" height=\"70\" srcset=\"https:\/\/www.sainte-therese-les-cordeliers.fr\/blog-cdi-lp\/wp-content\/uploads\/sites\/3\/2016\/01\/DSC05515-225x300.jpg 225w, https:\/\/www.sainte-therese-les-cordeliers.fr\/blog-cdi-lp\/wp-content\/uploads\/sites\/3\/2016\/01\/DSC05515-600x800.jpg 600w, https:\/\/www.sainte-therese-les-cordeliers.fr\/blog-cdi-lp\/wp-content\/uploads\/sites\/3\/2016\/01\/DSC05515-768x1024.jpg 768w\" sizes=\"(max-width: 53px) 100vw, 53px\" \/><\/a> <a href=\"https:\/\/www.sainte-therese-les-cordeliers.fr\/blog-cdi-lp\/wp-content\/uploads\/sites\/3\/2016\/01\/DSC05504.jpg\"><img decoding=\"async\" class=\"alignnone wp-image-794\" src=\"https:\/\/www.sainte-therese-les-cordeliers.fr\/blog-cdi-lp\/wp-content\/uploads\/sites\/3\/2016\/01\/DSC05504-300x294.jpg\" alt=\"DSC05504\" width=\"72\" height=\"70\" srcset=\"https:\/\/www.sainte-therese-les-cordeliers.fr\/blog-cdi-lp\/wp-content\/uploads\/sites\/3\/2016\/01\/DSC05504-300x294.jpg 300w, https:\/\/www.sainte-therese-les-cordeliers.fr\/blog-cdi-lp\/wp-content\/uploads\/sites\/3\/2016\/01\/DSC05504-768x752.jpg 768w, https:\/\/www.sainte-therese-les-cordeliers.fr\/blog-cdi-lp\/wp-content\/uploads\/sites\/3\/2016\/01\/DSC05504-800x783.jpg 800w\" sizes=\"(max-width: 72px) 100vw, 72px\" \/><\/a> <a href=\"https:\/\/www.sainte-therese-les-cordeliers.fr\/blog-cdi-lp\/wp-content\/uploads\/sites\/3\/2016\/01\/DSC05509.jpg\"><img decoding=\"async\" class=\"alignnone wp-image-795\" src=\"https:\/\/www.sainte-therese-les-cordeliers.fr\/blog-cdi-lp\/wp-content\/uploads\/sites\/3\/2016\/01\/DSC05509-215x300.jpg\" alt=\"DSC05509\" width=\"50\" height=\"70\" srcset=\"https:\/\/www.sainte-therese-les-cordeliers.fr\/blog-cdi-lp\/wp-content\/uploads\/sites\/3\/2016\/01\/DSC05509-215x300.jpg 215w, https:\/\/www.sainte-therese-les-cordeliers.fr\/blog-cdi-lp\/wp-content\/uploads\/sites\/3\/2016\/01\/DSC05509-573x800.jpg 573w, https:\/\/www.sainte-therese-les-cordeliers.fr\/blog-cdi-lp\/wp-content\/uploads\/sites\/3\/2016\/01\/DSC05509-768x1072.jpg 768w\" sizes=\"(max-width: 50px) 100vw, 50px\" \/><\/a> <a href=\"https:\/\/www.sainte-therese-les-cordeliers.fr\/blog-cdi-lp\/wp-content\/uploads\/sites\/3\/2016\/01\/DSC05512.jpg\"><img decoding=\"async\" class=\"alignnone wp-image-796\" src=\"https:\/\/www.sainte-therese-les-cordeliers.fr\/blog-cdi-lp\/wp-content\/uploads\/sites\/3\/2016\/01\/DSC05512-300x225.jpg\" alt=\"DSC05512\" width=\"93\" height=\"70\" srcset=\"https:\/\/www.sainte-therese-les-cordeliers.fr\/blog-cdi-lp\/wp-content\/uploads\/sites\/3\/2016\/01\/DSC05512-300x225.jpg 300w, https:\/\/www.sainte-therese-les-cordeliers.fr\/blog-cdi-lp\/wp-content\/uploads\/sites\/3\/2016\/01\/DSC05512-768x576.jpg 768w, https:\/\/www.sainte-therese-les-cordeliers.fr\/blog-cdi-lp\/wp-content\/uploads\/sites\/3\/2016\/01\/DSC05512-800x600.jpg 800w\" sizes=\"(max-width: 93px) 100vw, 93px\" \/><\/a> <a href=\"https:\/\/www.sainte-therese-les-cordeliers.fr\/blog-cdi-lp\/wp-content\/uploads\/sites\/3\/2016\/01\/DSC05506.jpg\"><img decoding=\"async\" class=\"alignnone wp-image-797\" src=\"https:\/\/www.sainte-therese-les-cordeliers.fr\/blog-cdi-lp\/wp-content\/uploads\/sites\/3\/2016\/01\/DSC05506-300x288.jpg\" alt=\"DSC05506\" width=\"73\" height=\"70\" srcset=\"https:\/\/www.sainte-therese-les-cordeliers.fr\/blog-cdi-lp\/wp-content\/uploads\/sites\/3\/2016\/01\/DSC05506-300x288.jpg 300w, https:\/\/www.sainte-therese-les-cordeliers.fr\/blog-cdi-lp\/wp-content\/uploads\/sites\/3\/2016\/01\/DSC05506-768x736.jpg 768w, https:\/\/www.sainte-therese-les-cordeliers.fr\/blog-cdi-lp\/wp-content\/uploads\/sites\/3\/2016\/01\/DSC05506-800x767.jpg 800w\" sizes=\"(max-width: 73px) 100vw, 73px\" \/><\/a> <a href=\"https:\/\/www.sainte-therese-les-cordeliers.fr\/blog-cdi-lp\/wp-content\/uploads\/sites\/3\/2016\/01\/DSC05516.jpg\"><img decoding=\"async\" class=\"alignnone wp-image-798\" src=\"https:\/\/www.sainte-therese-les-cordeliers.fr\/blog-cdi-lp\/wp-content\/uploads\/sites\/3\/2016\/01\/DSC05516-300x225.jpg\" alt=\"DSC05516\" width=\"93\" height=\"70\" srcset=\"https:\/\/www.sainte-therese-les-cordeliers.fr\/blog-cdi-lp\/wp-content\/uploads\/sites\/3\/2016\/01\/DSC05516-300x225.jpg 300w, https:\/\/www.sainte-therese-les-cordeliers.fr\/blog-cdi-lp\/wp-content\/uploads\/sites\/3\/2016\/01\/DSC05516-768x576.jpg 768w, https:\/\/www.sainte-therese-les-cordeliers.fr\/blog-cdi-lp\/wp-content\/uploads\/sites\/3\/2016\/01\/DSC05516-800x600.jpg 800w\" sizes=\"(max-width: 93px) 100vw, 93px\" \/><\/a> <a href=\"https:\/\/www.sainte-therese-les-cordeliers.fr\/blog-cdi-lp\/wp-content\/uploads\/sites\/3\/2016\/01\/DSC05513.jpg\"><img decoding=\"async\" class=\"alignnone wp-image-799\" src=\"https:\/\/www.sainte-therese-les-cordeliers.fr\/blog-cdi-lp\/wp-content\/uploads\/sites\/3\/2016\/01\/DSC05513-300x225.jpg\" alt=\"DSC05513\" width=\"93\" height=\"70\" srcset=\"https:\/\/www.sainte-therese-les-cordeliers.fr\/blog-cdi-lp\/wp-content\/uploads\/sites\/3\/2016\/01\/DSC05513-300x225.jpg 300w, https:\/\/www.sainte-therese-les-cordeliers.fr\/blog-cdi-lp\/wp-content\/uploads\/sites\/3\/2016\/01\/DSC05513-768x576.jpg 768w, https:\/\/www.sainte-therese-les-cordeliers.fr\/blog-cdi-lp\/wp-content\/uploads\/sites\/3\/2016\/01\/DSC05513-800x600.jpg 800w\" sizes=\"(max-width: 93px) 100vw, 93px\" \/><\/a><\/p>\n<p style=\"text-align: right\">Un grand MERCI \u00e0 eux\u00a0!!!<\/p>\n","protected":false},"excerpt":{"rendered":"<p>\u00a0\u00a0 \u00a0\u00a0 \u00a0\u00a0\u00a0\u00a0\u00a0\u00a0\u00a0\u00a0\u00a0\u00a0\u00a0\u00a0\u00a0\u00a0\u00a0\u00a0\u00a0 Le traditionnel march\u00e9 de No\u00ebl de l\u2019Institution a eu lieu le jeudi 17 d\u00e9cembre et a \u00e9t\u00e9 suivi d\u2019un magnifique spectacle de chants interpr\u00e9t\u00e9s de la plus belle des mani\u00e8res par les \u00e9l\u00e8ves du coll\u00e8ge. \u00a0\u00a0 \u00a0\u00a0 \u00a0\u00a0 \u00a0\u00a0 Les lyc\u00e9ens des classes de 3\u00e8me pr\u00e9pa. pro., de MCAD (Mention Compl\u00e9mentaire Aide <a href=\"https:\/\/www.sainte-therese-les-cordeliers.fr\/blog-cdi-lp\/les-lyceens-se-mobilisent-pour-le-marche-de-noel\/\"> [&#8230;]<\/a><\/p>\n","protected":false},"author":3,"featured_media":0,"comment_status":"closed","ping_status":"closed","sticky":false,"template":"","format":"standard","meta":{"om_disable_all_campaigns":false,"footnotes":""},"categories":[1],"tags":[24,29,18],"class_list":["post-783","post","type-post","status-publish","format-standard","hentry","category-non-classe","tag-3eme-prepa-pro","tag-bac-assp","tag-mcad"],"aioseo_notices":[],"_links":{"self":[{"href":"https:\/\/www.sainte-therese-les-cordeliers.fr\/blog-cdi-lp\/wp-json\/wp\/v2\/posts\/783","targetHints":{"allow":["GET"]}}],"collection":[{"href":"https:\/\/www.sainte-therese-les-cordeliers.fr\/blog-cdi-lp\/wp-json\/wp\/v2\/posts"}],"about":[{"href":"https:\/\/www.sainte-therese-les-cordeliers.fr\/blog-cdi-lp\/wp-json\/wp\/v2\/types\/post"}],"author":[{"embeddable":true,"href":"https:\/\/www.sainte-therese-les-cordeliers.fr\/blog-cdi-lp\/wp-json\/wp\/v2\/users\/3"}],"replies":[{"embeddable":true,"href":"https:\/\/www.sainte-therese-les-cordeliers.fr\/blog-cdi-lp\/wp-json\/wp\/v2\/comments?post=783"}],"version-history":[{"count":20,"href":"https:\/\/www.sainte-therese-les-cordeliers.fr\/blog-cdi-lp\/wp-json\/wp\/v2\/posts\/783\/revisions"}],"predecessor-version":[{"id":877,"href":"https:\/\/www.sainte-therese-les-cordeliers.fr\/blog-cdi-lp\/wp-json\/wp\/v2\/posts\/783\/revisions\/877"}],"wp:attachment":[{"href":"https:\/\/www.sainte-therese-les-cordeliers.fr\/blog-cdi-lp\/wp-json\/wp\/v2\/media?parent=783"}],"wp:term":[{"taxonomy":"category","embeddable":true,"href":"https:\/\/www.sainte-therese-les-cordeliers.fr\/blog-cdi-lp\/wp-json\/wp\/v2\/categories?post=783"},{"taxonomy":"post_tag","embeddable":true,"href":"https:\/\/www.sainte-therese-les-cordeliers.fr\/blog-cdi-lp\/wp-json\/wp\/v2\/tags?post=783"}],"curies":[{"name":"wp","href":"https:\/\/api.w.org\/{rel}","templated":true}]}}