{"id":819,"date":"2016-01-12T09:38:48","date_gmt":"2016-01-12T08:38:48","guid":{"rendered":"https:\/\/www.sainte-therese-les-cordeliers.fr\/blog-cdi-lp\/?p=819"},"modified":"2016-01-12T10:28:42","modified_gmt":"2016-01-12T09:28:42","slug":"sortie-de-noel-avec-les-mcad","status":"publish","type":"post","link":"https:\/\/www.sainte-therese-les-cordeliers.fr\/blog-cdi-lp\/sortie-de-noel-avec-les-mcad\/","title":{"rendered":"Sortie de No\u00ebl avec les MCAD"},"content":{"rendered":"<p>Le Lundi 7 D\u00e9cembre 2015, nous avons pris le tram, direction place de Jaude, avec 9 r\u00e9sidents du Foyer Logement Marius Viple.<\/p>\n<p><a href=\"https:\/\/www.sainte-therese-les-cordeliers.fr\/blog-cdi-lp\/wp-content\/uploads\/sites\/3\/2016\/01\/mcad.jpg\" rel=\"attachment wp-att-820\"><img decoding=\"async\" class=\"aligncenter wp-image-820 size-medium\" src=\"https:\/\/www.sainte-therese-les-cordeliers.fr\/blog-cdi-lp\/wp-content\/uploads\/sites\/3\/2016\/01\/mcad-300x76.jpg\" alt=\"mcad\" width=\"300\" height=\"76\" srcset=\"https:\/\/www.sainte-therese-les-cordeliers.fr\/blog-cdi-lp\/wp-content\/uploads\/sites\/3\/2016\/01\/mcad-300x76.jpg 300w, https:\/\/www.sainte-therese-les-cordeliers.fr\/blog-cdi-lp\/wp-content\/uploads\/sites\/3\/2016\/01\/mcad-768x194.jpg 768w, https:\/\/www.sainte-therese-les-cordeliers.fr\/blog-cdi-lp\/wp-content\/uploads\/sites\/3\/2016\/01\/mcad-800x202.jpg 800w, https:\/\/www.sainte-therese-les-cordeliers.fr\/blog-cdi-lp\/wp-content\/uploads\/sites\/3\/2016\/01\/mcad.jpg 1579w\" sizes=\"(max-width: 300px) 100vw, 300px\" \/><\/a><\/p>\n<p>&nbsp;<\/p>\n<p>Au programme de cet apr\u00e8s-midi\u00a0: grande roue avec une vue panoramique sur la ville de Clermont, d\u00e9couverte du centre Jaude 2 et de ses vitrines de No\u00ebl, pause gourmande bien m\u00e9rit\u00e9e et pour finir admiration des illuminations.<\/p>\n<p>Un grand merci aux r\u00e9sidents et \u00e0 l\u2019animatrice pour leur gentillesse et pour ces moments de partage et de convivialit\u00e9.<\/p>\n<p style=\"text-align: right\">Les \u00e9l\u00e8ves de MCAD, Manon, Souondati, No\u00e9mie, Elise et Laurine<\/p>\n","protected":false},"excerpt":{"rendered":"<p>Le Lundi 7 D\u00e9cembre 2015, nous avons pris le tram, direction place de Jaude, avec 9 r\u00e9sidents du Foyer Logement Marius Viple. &nbsp; Au programme de cet apr\u00e8s-midi\u00a0: grande roue avec une vue panoramique sur la ville de Clermont, d\u00e9couverte du centre Jaude 2 et de ses vitrines de No\u00ebl, pause gourmande bien m\u00e9rit\u00e9e et <a href=\"https:\/\/www.sainte-therese-les-cordeliers.fr\/blog-cdi-lp\/sortie-de-noel-avec-les-mcad\/\"> [&#8230;]<\/a><\/p>\n","protected":false},"author":3,"featured_media":0,"comment_status":"closed","ping_status":"closed","sticky":false,"template":"","format":"standard","meta":{"om_disable_all_campaigns":false,"footnotes":""},"categories":[20],"tags":[19,18],"class_list":["post-819","post","type-post","status-publish","format-standard","hentry","category-animation","tag-3eme-age","tag-mcad"],"aioseo_notices":[],"_links":{"self":[{"href":"https:\/\/www.sainte-therese-les-cordeliers.fr\/blog-cdi-lp\/wp-json\/wp\/v2\/posts\/819","targetHints":{"allow":["GET"]}}],"collection":[{"href":"https:\/\/www.sainte-therese-les-cordeliers.fr\/blog-cdi-lp\/wp-json\/wp\/v2\/posts"}],"about":[{"href":"https:\/\/www.sainte-therese-les-cordeliers.fr\/blog-cdi-lp\/wp-json\/wp\/v2\/types\/post"}],"author":[{"embeddable":true,"href":"https:\/\/www.sainte-therese-les-cordeliers.fr\/blog-cdi-lp\/wp-json\/wp\/v2\/users\/3"}],"replies":[{"embeddable":true,"href":"https:\/\/www.sainte-therese-les-cordeliers.fr\/blog-cdi-lp\/wp-json\/wp\/v2\/comments?post=819"}],"version-history":[{"count":6,"href":"https:\/\/www.sainte-therese-les-cordeliers.fr\/blog-cdi-lp\/wp-json\/wp\/v2\/posts\/819\/revisions"}],"predecessor-version":[{"id":829,"href":"https:\/\/www.sainte-therese-les-cordeliers.fr\/blog-cdi-lp\/wp-json\/wp\/v2\/posts\/819\/revisions\/829"}],"wp:attachment":[{"href":"https:\/\/www.sainte-therese-les-cordeliers.fr\/blog-cdi-lp\/wp-json\/wp\/v2\/media?parent=819"}],"wp:term":[{"taxonomy":"category","embeddable":true,"href":"https:\/\/www.sainte-therese-les-cordeliers.fr\/blog-cdi-lp\/wp-json\/wp\/v2\/categories?post=819"},{"taxonomy":"post_tag","embeddable":true,"href":"https:\/\/www.sainte-therese-les-cordeliers.fr\/blog-cdi-lp\/wp-json\/wp\/v2\/tags?post=819"}],"curies":[{"name":"wp","href":"https:\/\/api.w.org\/{rel}","templated":true}]}}