{"id":899,"date":"2016-03-09T11:58:05","date_gmt":"2016-03-09T10:58:05","guid":{"rendered":"https:\/\/www.sainte-therese-les-cordeliers.fr\/blog-cdi-lp\/?p=899"},"modified":"2016-03-10T10:37:21","modified_gmt":"2016-03-10T09:37:21","slug":"cinema-le-prix-jean-renoir-des-lyceens","status":"publish","type":"post","link":"https:\/\/www.sainte-therese-les-cordeliers.fr\/blog-cdi-lp\/cinema-le-prix-jean-renoir-des-lyceens\/","title":{"rendered":"Cin\u00e9ma : le Prix Jean Renoir des lyc\u00e9ens"},"content":{"rendered":"<p><a href=\"https:\/\/www.sainte-therese-les-cordeliers.fr\/blog-cdi-lp\/wp-content\/uploads\/sites\/3\/2016\/03\/DSC05703.jpg\" rel=\"attachment wp-att-900\"><img decoding=\"async\" class=\"wp-image-900 alignleft\" src=\"https:\/\/www.sainte-therese-les-cordeliers.fr\/blog-cdi-lp\/wp-content\/uploads\/sites\/3\/2016\/03\/DSC05703-300x290.jpg\" alt=\"DSC05703\" width=\"129\" height=\"125\" srcset=\"https:\/\/www.sainte-therese-les-cordeliers.fr\/blog-cdi-lp\/wp-content\/uploads\/sites\/3\/2016\/03\/DSC05703-52x50.jpg 52w, https:\/\/www.sainte-therese-les-cordeliers.fr\/blog-cdi-lp\/wp-content\/uploads\/sites\/3\/2016\/03\/DSC05703-300x290.jpg 300w, https:\/\/www.sainte-therese-les-cordeliers.fr\/blog-cdi-lp\/wp-content\/uploads\/sites\/3\/2016\/03\/DSC05703-768x741.jpg 768w, https:\/\/www.sainte-therese-les-cordeliers.fr\/blog-cdi-lp\/wp-content\/uploads\/sites\/3\/2016\/03\/DSC05703-800x772.jpg 800w\" sizes=\"(max-width: 129px) 100vw, 129px\" \/><\/a><img decoding=\"async\" class=\"wp-image-901 alignleft\" src=\"https:\/\/www.sainte-therese-les-cordeliers.fr\/blog-cdi-lp\/wp-content\/uploads\/sites\/3\/2016\/03\/DSC05704-300x225.jpg\" alt=\"DSC05704\" width=\"167\" height=\"125\" srcset=\"https:\/\/www.sainte-therese-les-cordeliers.fr\/blog-cdi-lp\/wp-content\/uploads\/sites\/3\/2016\/03\/DSC05704-300x225.jpg 300w, https:\/\/www.sainte-therese-les-cordeliers.fr\/blog-cdi-lp\/wp-content\/uploads\/sites\/3\/2016\/03\/DSC05704-768x576.jpg 768w, https:\/\/www.sainte-therese-les-cordeliers.fr\/blog-cdi-lp\/wp-content\/uploads\/sites\/3\/2016\/03\/DSC05704-800x600.jpg 800w\" sizes=\"(max-width: 167px) 100vw, 167px\" \/><a href=\"https:\/\/www.sainte-therese-les-cordeliers.fr\/blog-cdi-lp\/wp-content\/uploads\/sites\/3\/2016\/03\/DSC05718.jpg\" rel=\"attachment wp-att-907\"><img decoding=\"async\" class=\"alignleft wp-image-907\" src=\"https:\/\/www.sainte-therese-les-cordeliers.fr\/blog-cdi-lp\/wp-content\/uploads\/sites\/3\/2016\/03\/DSC05718-300x139.jpg\" alt=\"DSC05718\" width=\"270\" height=\"125\" srcset=\"https:\/\/www.sainte-therese-les-cordeliers.fr\/blog-cdi-lp\/wp-content\/uploads\/sites\/3\/2016\/03\/DSC05718-300x139.jpg 300w, https:\/\/www.sainte-therese-les-cordeliers.fr\/blog-cdi-lp\/wp-content\/uploads\/sites\/3\/2016\/03\/DSC05718-768x355.jpg 768w, https:\/\/www.sainte-therese-les-cordeliers.fr\/blog-cdi-lp\/wp-content\/uploads\/sites\/3\/2016\/03\/DSC05718-800x370.jpg 800w, https:\/\/www.sainte-therese-les-cordeliers.fr\/blog-cdi-lp\/wp-content\/uploads\/sites\/3\/2016\/03\/DSC05718.jpg 1857w\" sizes=\"(max-width: 270px) 100vw, 270px\" \/><\/a><\/p>\n<p>&nbsp;<\/p>\n<p>&nbsp;<\/p>\n<p>&nbsp;<\/p>\n<p>&nbsp;<\/p>\n<p>Depuis d\u00e9cembre 2015, les \u00e9l\u00e8ves de la classe de seconde 1 commerce-accueil vont r\u00e9guli\u00e8rement au cin\u00e9ma Le Rio.<\/p>\n<p>Ils ont la chance de participer au Prix Jean Renoir des Lyc\u00e9ens qui consiste \u00e0 visionner 8 films \u00e0 l&rsquo;affiche cette ann\u00e9e, tels que Fatima (C\u00e9sar du meilleur film), Mia Madre, Tout en haut du monde, Good Luck Algeria&#8230;<\/p>\n<p>Les \u00e9l\u00e8ves r\u00e9digent une critique pour chaque film. Les critiques retenues sont adress\u00e9es \u00e0 un jury.<\/p>\n<p><a href=\"https:\/\/www.sainte-therese-les-cordeliers.fr\/blog-cdi-lp\/wp-content\/uploads\/sites\/3\/2016\/03\/DSC05708.jpg\" rel=\"attachment wp-att-903\"><img decoding=\"async\" class=\"alignleft wp-image-903\" src=\"https:\/\/www.sainte-therese-les-cordeliers.fr\/blog-cdi-lp\/wp-content\/uploads\/sites\/3\/2016\/03\/DSC05708-300x141.jpg\" alt=\"DSC05708\" width=\"139\" height=\"65\" srcset=\"https:\/\/www.sainte-therese-les-cordeliers.fr\/blog-cdi-lp\/wp-content\/uploads\/sites\/3\/2016\/03\/DSC05708-300x141.jpg 300w, https:\/\/www.sainte-therese-les-cordeliers.fr\/blog-cdi-lp\/wp-content\/uploads\/sites\/3\/2016\/03\/DSC05708-768x362.jpg 768w, https:\/\/www.sainte-therese-les-cordeliers.fr\/blog-cdi-lp\/wp-content\/uploads\/sites\/3\/2016\/03\/DSC05708-800x377.jpg 800w\" sizes=\"(max-width: 139px) 100vw, 139px\" \/><\/a> <a href=\"https:\/\/www.sainte-therese-les-cordeliers.fr\/blog-cdi-lp\/wp-content\/uploads\/sites\/3\/2016\/03\/DSC05706.jpg\" rel=\"attachment wp-att-904\"><img decoding=\"async\" class=\"alignleft wp-image-904\" src=\"https:\/\/www.sainte-therese-les-cordeliers.fr\/blog-cdi-lp\/wp-content\/uploads\/sites\/3\/2016\/03\/DSC05706-300x152.jpg\" alt=\"DSC05706\" width=\"128\" height=\"65\" srcset=\"https:\/\/www.sainte-therese-les-cordeliers.fr\/blog-cdi-lp\/wp-content\/uploads\/sites\/3\/2016\/03\/DSC05706-300x152.jpg 300w, https:\/\/www.sainte-therese-les-cordeliers.fr\/blog-cdi-lp\/wp-content\/uploads\/sites\/3\/2016\/03\/DSC05706-540x272.jpg 540w, https:\/\/www.sainte-therese-les-cordeliers.fr\/blog-cdi-lp\/wp-content\/uploads\/sites\/3\/2016\/03\/DSC05706-768x390.jpg 768w, https:\/\/www.sainte-therese-les-cordeliers.fr\/blog-cdi-lp\/wp-content\/uploads\/sites\/3\/2016\/03\/DSC05706-800x406.jpg 800w\" sizes=\"(max-width: 128px) 100vw, 128px\" \/><\/a> <a href=\"https:\/\/www.sainte-therese-les-cordeliers.fr\/blog-cdi-lp\/wp-content\/uploads\/sites\/3\/2016\/03\/DSC05709.jpg\" rel=\"attachment wp-att-905\"><img decoding=\"async\" class=\"alignleft wp-image-905\" src=\"https:\/\/www.sainte-therese-les-cordeliers.fr\/blog-cdi-lp\/wp-content\/uploads\/sites\/3\/2016\/03\/DSC05709-300x140.jpg\" alt=\"DSC05709\" width=\"140\" height=\"65\" srcset=\"https:\/\/www.sainte-therese-les-cordeliers.fr\/blog-cdi-lp\/wp-content\/uploads\/sites\/3\/2016\/03\/DSC05709-300x140.jpg 300w, https:\/\/www.sainte-therese-les-cordeliers.fr\/blog-cdi-lp\/wp-content\/uploads\/sites\/3\/2016\/03\/DSC05709-768x357.jpg 768w, https:\/\/www.sainte-therese-les-cordeliers.fr\/blog-cdi-lp\/wp-content\/uploads\/sites\/3\/2016\/03\/DSC05709-800x372.jpg 800w\" sizes=\"(max-width: 140px) 100vw, 140px\" \/><\/a> <a href=\"https:\/\/www.sainte-therese-les-cordeliers.fr\/blog-cdi-lp\/wp-content\/uploads\/sites\/3\/2016\/03\/DSC05714.jpg\" rel=\"attachment wp-att-906\"><img decoding=\"async\" class=\"alignleft wp-image-906\" src=\"https:\/\/www.sainte-therese-les-cordeliers.fr\/blog-cdi-lp\/wp-content\/uploads\/sites\/3\/2016\/03\/DSC05714-300x147.jpg\" alt=\"DSC05714\" width=\"133\" height=\"65\" srcset=\"https:\/\/www.sainte-therese-les-cordeliers.fr\/blog-cdi-lp\/wp-content\/uploads\/sites\/3\/2016\/03\/DSC05714-300x147.jpg 300w, https:\/\/www.sainte-therese-les-cordeliers.fr\/blog-cdi-lp\/wp-content\/uploads\/sites\/3\/2016\/03\/DSC05714-768x376.jpg 768w, https:\/\/www.sainte-therese-les-cordeliers.fr\/blog-cdi-lp\/wp-content\/uploads\/sites\/3\/2016\/03\/DSC05714-800x392.jpg 800w\" sizes=\"(max-width: 133px) 100vw, 133px\" \/><\/a><\/p>\n<p>&nbsp;<\/p>\n<p>&nbsp;<\/p>\n<p><span style=\"color: #666699\"><em>Images du film \u00ab\u00a0Tout en haut du monde\u00a0\u00bb<\/em><\/span><\/p>\n<p>Les 25 et 26 mai, deux \u00e9l\u00e8ves de la classe, accompagn\u00e9s de leur professeur, partiront \u00e0 Paris \u00e0 la F\u00e9mis, \u00e9cole de cin\u00e9ma, assister \u00e0 la remise du prix des lyc\u00e9ens au cin\u00e9aste laur\u00e9at et auront peut-\u00eatre la surprise de voir leur critique r\u00e9compens\u00e9e.<\/p>\n<p>&nbsp;<\/p>\n","protected":false},"excerpt":{"rendered":"<p>&nbsp; &nbsp; &nbsp; &nbsp; Depuis d\u00e9cembre 2015, les \u00e9l\u00e8ves de la classe de seconde 1 commerce-accueil vont r\u00e9guli\u00e8rement au cin\u00e9ma Le Rio. Ils ont la chance de participer au Prix Jean Renoir des Lyc\u00e9ens qui consiste \u00e0 visionner 8 films \u00e0 l&rsquo;affiche cette ann\u00e9e, tels que Fatima (C\u00e9sar du meilleur film), Mia Madre, Tout en <a href=\"https:\/\/www.sainte-therese-les-cordeliers.fr\/blog-cdi-lp\/cinema-le-prix-jean-renoir-des-lyceens\/\"> [&#8230;]<\/a><\/p>\n","protected":false},"author":3,"featured_media":0,"comment_status":"closed","ping_status":"closed","sticky":false,"template":"","format":"standard","meta":{"om_disable_all_campaigns":false,"footnotes":""},"categories":[32,5],"tags":[48],"class_list":["post-899","post","type-post","status-publish","format-standard","hentry","category-art","category-voyages","tag-cinema"],"aioseo_notices":[],"_links":{"self":[{"href":"https:\/\/www.sainte-therese-les-cordeliers.fr\/blog-cdi-lp\/wp-json\/wp\/v2\/posts\/899","targetHints":{"allow":["GET"]}}],"collection":[{"href":"https:\/\/www.sainte-therese-les-cordeliers.fr\/blog-cdi-lp\/wp-json\/wp\/v2\/posts"}],"about":[{"href":"https:\/\/www.sainte-therese-les-cordeliers.fr\/blog-cdi-lp\/wp-json\/wp\/v2\/types\/post"}],"author":[{"embeddable":true,"href":"https:\/\/www.sainte-therese-les-cordeliers.fr\/blog-cdi-lp\/wp-json\/wp\/v2\/users\/3"}],"replies":[{"embeddable":true,"href":"https:\/\/www.sainte-therese-les-cordeliers.fr\/blog-cdi-lp\/wp-json\/wp\/v2\/comments?post=899"}],"version-history":[{"count":8,"href":"https:\/\/www.sainte-therese-les-cordeliers.fr\/blog-cdi-lp\/wp-json\/wp\/v2\/posts\/899\/revisions"}],"predecessor-version":[{"id":936,"href":"https:\/\/www.sainte-therese-les-cordeliers.fr\/blog-cdi-lp\/wp-json\/wp\/v2\/posts\/899\/revisions\/936"}],"wp:attachment":[{"href":"https:\/\/www.sainte-therese-les-cordeliers.fr\/blog-cdi-lp\/wp-json\/wp\/v2\/media?parent=899"}],"wp:term":[{"taxonomy":"category","embeddable":true,"href":"https:\/\/www.sainte-therese-les-cordeliers.fr\/blog-cdi-lp\/wp-json\/wp\/v2\/categories?post=899"},{"taxonomy":"post_tag","embeddable":true,"href":"https:\/\/www.sainte-therese-les-cordeliers.fr\/blog-cdi-lp\/wp-json\/wp\/v2\/tags?post=899"}],"curies":[{"name":"wp","href":"https:\/\/api.w.org\/{rel}","templated":true}]}}