{"id":997,"date":"2016-04-04T14:51:34","date_gmt":"2016-04-04T13:51:34","guid":{"rendered":"https:\/\/www.sainte-therese-les-cordeliers.fr\/blog-cdi-lp\/?p=997"},"modified":"2016-04-07T13:03:20","modified_gmt":"2016-04-07T12:03:20","slug":"ski-a-super-besse-2eme-journee","status":"publish","type":"post","link":"https:\/\/www.sainte-therese-les-cordeliers.fr\/blog-cdi-lp\/ski-a-super-besse-2eme-journee\/","title":{"rendered":"Ski \u00e0 Super-Besse : 2\u00e8me journ\u00e9e."},"content":{"rendered":"<p><a href=\"https:\/\/www.sainte-therese-les-cordeliers.fr\/blog-cdi-lp\/wp-content\/uploads\/sites\/3\/2016\/04\/IMG_7012.jpg\" rel=\"attachment wp-att-994\"><img decoding=\"async\" class=\"alignleft wp-image-994\" src=\"https:\/\/www.sainte-therese-les-cordeliers.fr\/blog-cdi-lp\/wp-content\/uploads\/sites\/3\/2016\/04\/IMG_7012.jpg\" alt=\"IMG_7012\" width=\"249\" height=\"186\" srcset=\"https:\/\/www.sainte-therese-les-cordeliers.fr\/blog-cdi-lp\/wp-content\/uploads\/sites\/3\/2016\/04\/IMG_7012-300x224.jpg 300w, https:\/\/www.sainte-therese-les-cordeliers.fr\/blog-cdi-lp\/wp-content\/uploads\/sites\/3\/2016\/04\/IMG_7012-768x573.jpg 768w, https:\/\/www.sainte-therese-les-cordeliers.fr\/blog-cdi-lp\/wp-content\/uploads\/sites\/3\/2016\/04\/IMG_7012-800x597.jpg 800w, https:\/\/www.sainte-therese-les-cordeliers.fr\/blog-cdi-lp\/wp-content\/uploads\/sites\/3\/2016\/04\/IMG_7012.jpg 3463w\" sizes=\"(max-width: 249px) 100vw, 249px\" \/><\/a><\/p>\n<p>&nbsp;<\/p>\n<p>Mercredi 16 mars, la deuxi\u00e8me \u00ab\u00a0sortie ski\u00a0\u00bb \u00e0 Super-Besse a enti\u00e8rement donn\u00e9 satisfaction aux lyc\u00e9ens et coll\u00e9giens qui y participaient !!! La neige \u00e9tait de qualit\u00e9 et pr\u00e9sente en grande quantit\u00e9. Les 4 groupes de niveau ont pu \u00e9voluer en fonction de leurs comp\u00e9tences propres, et partager un tr\u00e8s bon moment de convivialit\u00e9 et d&rsquo;\u00e9motion !!<\/p>\n<p>&nbsp;<\/p>\n<p>&nbsp;<br \/>\n<div style=\"width: 640px;\" class=\"wp-video\"><video class=\"wp-video-shortcode\" id=\"video-997-1\" width=\"640\" height=\"360\" preload=\"metadata\" controls=\"controls\"><source type=\"video\/mp4\" src=\"https:\/\/www.sainte-therese-les-cordeliers.fr\/wp-content\/uploads\/video\/Ski_ste_therese_03-2016.mp4?_=1\" \/><a href=\"https:\/\/www.sainte-therese-les-cordeliers.fr\/wp-content\/uploads\/video\/Ski_ste_therese_03-2016.mp4\">https:\/\/www.sainte-therese-les-cordeliers.fr\/wp-content\/uploads\/video\/Ski_ste_therese_03-2016.mp4<\/a><\/video><\/div><\/p>\n","protected":false},"excerpt":{"rendered":"<p>&nbsp; Mercredi 16 mars, la deuxi\u00e8me \u00ab\u00a0sortie ski\u00a0\u00bb \u00e0 Super-Besse a enti\u00e8rement donn\u00e9 satisfaction aux lyc\u00e9ens et coll\u00e9giens qui y participaient !!! La neige \u00e9tait de qualit\u00e9 et pr\u00e9sente en grande quantit\u00e9. Les 4 groupes de niveau ont pu \u00e9voluer en fonction de leurs comp\u00e9tences propres, et partager un tr\u00e8s bon moment de convivialit\u00e9 et <a href=\"https:\/\/www.sainte-therese-les-cordeliers.fr\/blog-cdi-lp\/ski-a-super-besse-2eme-journee\/\"> [&#8230;]<\/a><\/p>\n","protected":false},"author":5,"featured_media":0,"comment_status":"closed","ping_status":"closed","sticky":false,"template":"","format":"standard","meta":{"om_disable_all_campaigns":false,"footnotes":""},"categories":[4,5],"tags":[31,13],"class_list":["post-997","post","type-post","status-publish","format-standard","hentry","category-sport-2","category-voyages","tag-ski","tag-sport"],"aioseo_notices":[],"_links":{"self":[{"href":"https:\/\/www.sainte-therese-les-cordeliers.fr\/blog-cdi-lp\/wp-json\/wp\/v2\/posts\/997","targetHints":{"allow":["GET"]}}],"collection":[{"href":"https:\/\/www.sainte-therese-les-cordeliers.fr\/blog-cdi-lp\/wp-json\/wp\/v2\/posts"}],"about":[{"href":"https:\/\/www.sainte-therese-les-cordeliers.fr\/blog-cdi-lp\/wp-json\/wp\/v2\/types\/post"}],"author":[{"embeddable":true,"href":"https:\/\/www.sainte-therese-les-cordeliers.fr\/blog-cdi-lp\/wp-json\/wp\/v2\/users\/5"}],"replies":[{"embeddable":true,"href":"https:\/\/www.sainte-therese-les-cordeliers.fr\/blog-cdi-lp\/wp-json\/wp\/v2\/comments?post=997"}],"version-history":[{"count":9,"href":"https:\/\/www.sainte-therese-les-cordeliers.fr\/blog-cdi-lp\/wp-json\/wp\/v2\/posts\/997\/revisions"}],"predecessor-version":[{"id":1023,"href":"https:\/\/www.sainte-therese-les-cordeliers.fr\/blog-cdi-lp\/wp-json\/wp\/v2\/posts\/997\/revisions\/1023"}],"wp:attachment":[{"href":"https:\/\/www.sainte-therese-les-cordeliers.fr\/blog-cdi-lp\/wp-json\/wp\/v2\/media?parent=997"}],"wp:term":[{"taxonomy":"category","embeddable":true,"href":"https:\/\/www.sainte-therese-les-cordeliers.fr\/blog-cdi-lp\/wp-json\/wp\/v2\/categories?post=997"},{"taxonomy":"post_tag","embeddable":true,"href":"https:\/\/www.sainte-therese-les-cordeliers.fr\/blog-cdi-lp\/wp-json\/wp\/v2\/tags?post=997"}],"curies":[{"name":"wp","href":"https:\/\/api.w.org\/{rel}","templated":true}]}}